{"id":10001674,"global_id":"www.fndaterballetto.it\/en\/?id=10001674","global_id_lineage":["www.fndaterballetto.it\/en\/?id=10001674"],"author":"2","status":"publish","date":"2020-07-22 12:02:22","date_utc":"2020-07-22 10:02:22","modified":"2020-10-19 10:49:56","modified_utc":"2020-10-19 08:49:56","url":"https:\/\/www.fndaterballetto.it\/en\/evento\/don-juan-3\/2020-10-17\/1\/","rest_url":"https:\/\/www.fndaterballetto.it\/en\/wp-json\/tribe\/events\/v1\/events\/10001674","title":"Don Juan","description":"<p>Aterballetto opens the artistic season of Th\u00e9\u00e2tre de Chaillot in Paris, <span class=\"text\">important reference point of contemporary dance in Europe and more. <\/span><\/p>\n<p>From 14 to 17 October for 5 times the company dances <a href=\"https:\/\/www.fndaterballetto.it\/en\/scheda-produzione\/don-juan\/\"><strong><em>Don Juan<\/em><\/strong><\/a>, the new full-length production conceived by <a href=\"https:\/\/www.fndaterballetto.it\/en\/aterballetto\/choreographers\/johan-inger\/\">Johan Inger<\/a>.<\/p>\n<p>The choreography is born from Inger\u2019s desire to \u201cface\u201d <strong>Don Juan\/Don Giovanni, an ancient and still contemporary, truly paradigmatic myth. <\/strong>Some of the works that inspired the choreographer are Tirso de Molina\u2019s original comedy and the plays by Moli\u00e8re, Bertold Brecht and Suzanne Lilar. Inger, together with the playwright Gregor Acu\u00f1a-Pohl, thoroughly read twenty-five different texts inspired by Don Juan.<\/p>\n<p>This <em>Don Juan<\/em> features all the characters of the story, from Do\u00f1a Elvira to Do\u00f1a Ana to Zerlina and Masetto. <strong>The <em>Don Juan<\/em> is a <em>Kammerspiel<\/em>, where the dance is a magnifying glass for each of the characters revealing in a refined and clear way the inner world of men and women on stage<\/strong><\/p>\n<p>The tourn\u00e9e is supported by Regione Emilia-Romagna and Istituto Italiano di Cultura di Parigi.<\/p>\n<div class=\"video-shortcode\"><iframe title=\"Aterballetto - Don Juan by Johan Inger - rehearsals\" width=\"1200\" height=\"675\" src=\"https:\/\/www.youtube.com\/embed\/88dc57vlMy0?feature=oembed\" frameborder=\"0\" allow=\"accelerometer; autoplay; clipboard-write; encrypted-media; gyroscope; picture-in-picture; web-share\" allowfullscreen><\/iframe><\/div>\n<p>&nbsp;<\/p>\n<div class=\"awb-gallery-wrapper awb-gallery-wrapper-1 button-span-no\"><div style=\"margin:-5px;--awb-bordersize:0px;\" class=\"fusion-gallery fusion-gallery-container fusion-grid-3 fusion-columns-total-3 fusion-gallery-layout-grid fusion-gallery-1\"><div style=\"padding:5px;\" class=\"fusion-grid-column fusion-gallery-column fusion-gallery-column-3 hover-type-none\"><div class=\"fusion-gallery-image\"><a href=\"https:\/\/www.fndaterballetto.it\/wp-content\/uploads\/2020\/02\/FND-Aterballetto-Don-Juan-ph-Celeste-Lombardi-15.jpg\" rel=\"noreferrer\" data-rel=\"iLightbox[gallery_image_1]\" class=\"fusion-lightbox\" target=\"_self\"><img decoding=\"async\" src=\"https:\/\/www.fndaterballetto.it\/wp-content\/uploads\/2020\/02\/FND-Aterballetto-Don-Juan-ph-Celeste-Lombardi-15.jpg\" width=\"1920\" height=\"1277\" alt=\"\" title=\"FND Aterballetto &#8211; Don Juan &#8211; ph Celeste Lombardi (15)\" aria-label=\"FND Aterballetto &#8211; Don Juan &#8211; ph Celeste Lombardi (15)\" class=\"img-responsive wp-image-8104\" srcset=\"https:\/\/www.fndaterballetto.it\/wp-content\/uploads\/2020\/02\/FND-Aterballetto-Don-Juan-ph-Celeste-Lombardi-15-200x133.jpg 200w, https:\/\/www.fndaterballetto.it\/wp-content\/uploads\/2020\/02\/FND-Aterballetto-Don-Juan-ph-Celeste-Lombardi-15-400x266.jpg 400w, https:\/\/www.fndaterballetto.it\/wp-content\/uploads\/2020\/02\/FND-Aterballetto-Don-Juan-ph-Celeste-Lombardi-15-600x399.jpg 600w, https:\/\/www.fndaterballetto.it\/wp-content\/uploads\/2020\/02\/FND-Aterballetto-Don-Juan-ph-Celeste-Lombardi-15-800x532.jpg 800w, https:\/\/www.fndaterballetto.it\/wp-content\/uploads\/2020\/02\/FND-Aterballetto-Don-Juan-ph-Celeste-Lombardi-15-1200x798.jpg 1200w, https:\/\/www.fndaterballetto.it\/wp-content\/uploads\/2020\/02\/FND-Aterballetto-Don-Juan-ph-Celeste-Lombardi-15.jpg 1920w\" sizes=\"(min-width: 2200px) 100vw, (min-width: 1064px) 397px, (min-width: 992px) 595px, (min-width: 920px) 992px, \" \/><\/a><\/div><\/div><div style=\"padding:5px;\" class=\"fusion-grid-column fusion-gallery-column fusion-gallery-column-3 hover-type-none\"><div class=\"fusion-gallery-image\"><a href=\"https:\/\/www.fndaterballetto.it\/wp-content\/uploads\/2020\/02\/FND-Aterballetto-Don-Juan-02-ph-Celeste-Lombardi-8.jpg\" rel=\"noreferrer\" data-rel=\"iLightbox[gallery_image_1]\" class=\"fusion-lightbox\" target=\"_self\"><img decoding=\"async\" src=\"https:\/\/www.fndaterballetto.it\/wp-content\/uploads\/2020\/02\/FND-Aterballetto-Don-Juan-02-ph-Celeste-Lombardi-8.jpg\" width=\"1920\" height=\"1277\" alt=\"\" title=\"FND Aterballetto &#8211; Don Juan 02- ph Celeste Lombardi (8)\" aria-label=\"FND Aterballetto &#8211; Don Juan 02- ph Celeste Lombardi (8)\" class=\"img-responsive wp-image-8102\" srcset=\"https:\/\/www.fndaterballetto.it\/wp-content\/uploads\/2020\/02\/FND-Aterballetto-Don-Juan-02-ph-Celeste-Lombardi-8-200x133.jpg 200w, https:\/\/www.fndaterballetto.it\/wp-content\/uploads\/2020\/02\/FND-Aterballetto-Don-Juan-02-ph-Celeste-Lombardi-8-400x266.jpg 400w, https:\/\/www.fndaterballetto.it\/wp-content\/uploads\/2020\/02\/FND-Aterballetto-Don-Juan-02-ph-Celeste-Lombardi-8-600x399.jpg 600w, https:\/\/www.fndaterballetto.it\/wp-content\/uploads\/2020\/02\/FND-Aterballetto-Don-Juan-02-ph-Celeste-Lombardi-8-800x532.jpg 800w, https:\/\/www.fndaterballetto.it\/wp-content\/uploads\/2020\/02\/FND-Aterballetto-Don-Juan-02-ph-Celeste-Lombardi-8-1200x798.jpg 1200w, https:\/\/www.fndaterballetto.it\/wp-content\/uploads\/2020\/02\/FND-Aterballetto-Don-Juan-02-ph-Celeste-Lombardi-8.jpg 1920w\" sizes=\"(min-width: 2200px) 100vw, (min-width: 1064px) 397px, (min-width: 992px) 595px, (min-width: 920px) 992px, \" \/><\/a><\/div><\/div><div style=\"padding:5px;\" class=\"fusion-grid-column fusion-gallery-column fusion-gallery-column-3 hover-type-none\"><div class=\"fusion-gallery-image\"><a href=\"https:\/\/www.fndaterballetto.it\/wp-content\/uploads\/2020\/02\/FND-Aterballetto-Don-Juan-ph-Celeste-Lombardi-8.jpg\" rel=\"noreferrer\" data-rel=\"iLightbox[gallery_image_1]\" class=\"fusion-lightbox\" target=\"_self\"><img decoding=\"async\" src=\"https:\/\/www.fndaterballetto.it\/wp-content\/uploads\/2020\/02\/FND-Aterballetto-Don-Juan-ph-Celeste-Lombardi-8.jpg\" width=\"1920\" height=\"1277\" alt=\"\" title=\"FND Aterballetto &#8211; Don Juan &#8211; ph Celeste Lombardi (8)\" aria-label=\"FND Aterballetto &#8211; Don Juan &#8211; ph Celeste Lombardi (8)\" class=\"img-responsive wp-image-8100\" srcset=\"https:\/\/www.fndaterballetto.it\/wp-content\/uploads\/2020\/02\/FND-Aterballetto-Don-Juan-ph-Celeste-Lombardi-8-200x133.jpg 200w, https:\/\/www.fndaterballetto.it\/wp-content\/uploads\/2020\/02\/FND-Aterballetto-Don-Juan-ph-Celeste-Lombardi-8-400x266.jpg 400w, https:\/\/www.fndaterballetto.it\/wp-content\/uploads\/2020\/02\/FND-Aterballetto-Don-Juan-ph-Celeste-Lombardi-8-600x399.jpg 600w, https:\/\/www.fndaterballetto.it\/wp-content\/uploads\/2020\/02\/FND-Aterballetto-Don-Juan-ph-Celeste-Lombardi-8-800x532.jpg 800w, https:\/\/www.fndaterballetto.it\/wp-content\/uploads\/2020\/02\/FND-Aterballetto-Don-Juan-ph-Celeste-Lombardi-8-1200x798.jpg 1200w, https:\/\/www.fndaterballetto.it\/wp-content\/uploads\/2020\/02\/FND-Aterballetto-Don-Juan-ph-Celeste-Lombardi-8.jpg 1920w\" sizes=\"(min-width: 2200px) 100vw, (min-width: 1064px) 397px, (min-width: 992px) 595px, (min-width: 920px) 992px, \" \/><\/a><\/div><\/div><div class=\"clearfix\"><\/div><\/div><\/div>","excerpt":"","slug":"don-juan-3","image":{"url":"https:\/\/www.fndaterballetto.it\/wp-content\/uploads\/2020\/02\/FND-Aterballetto-Don-Juan-ph.-Celeste-Lombardi-2-Wedding-scene.jpg","id":8424,"extension":"jpg","width":1920,"height":1278,"sizes":{"medium":{"width":300,"height":200,"mime-type":"image\/jpeg","url":"https:\/\/www.fndaterballetto.it\/wp-content\/uploads\/2020\/02\/FND-Aterballetto-Don-Juan-ph.-Celeste-Lombardi-2-Wedding-scene-300x200.jpg"},"large":{"width":1024,"height":682,"mime-type":"image\/jpeg","url":"https:\/\/www.fndaterballetto.it\/wp-content\/uploads\/2020\/02\/FND-Aterballetto-Don-Juan-ph.-Celeste-Lombardi-2-Wedding-scene-1024x682.jpg"},"thumbnail":{"width":150,"height":150,"mime-type":"image\/jpeg","url":"https:\/\/www.fndaterballetto.it\/wp-content\/uploads\/2020\/02\/FND-Aterballetto-Don-Juan-ph.-Celeste-Lombardi-2-Wedding-scene-150x150.jpg"},"medium_large":{"width":768,"height":511,"mime-type":"image\/jpeg","url":"https:\/\/www.fndaterballetto.it\/wp-content\/uploads\/2020\/02\/FND-Aterballetto-Don-Juan-ph.-Celeste-Lombardi-2-Wedding-scene-768x511.jpg"},"1536x1536":{"width":1536,"height":1022,"mime-type":"image\/jpeg","url":"https:\/\/www.fndaterballetto.it\/wp-content\/uploads\/2020\/02\/FND-Aterballetto-Don-Juan-ph.-Celeste-Lombardi-2-Wedding-scene-1536x1022.jpg"},"portfolio-full":{"width":940,"height":400,"mime-type":"image\/jpeg","url":"https:\/\/www.fndaterballetto.it\/wp-content\/uploads\/2020\/02\/FND-Aterballetto-Don-Juan-ph.-Celeste-Lombardi-2-Wedding-scene-940x400.jpg"},"portfolio-one":{"width":540,"height":272,"mime-type":"image\/jpeg","url":"https:\/\/www.fndaterballetto.it\/wp-content\/uploads\/2020\/02\/FND-Aterballetto-Don-Juan-ph.-Celeste-Lombardi-2-Wedding-scene-540x272.jpg"},"portfolio-two":{"width":460,"height":295,"mime-type":"image\/jpeg","url":"https:\/\/www.fndaterballetto.it\/wp-content\/uploads\/2020\/02\/FND-Aterballetto-Don-Juan-ph.-Celeste-Lombardi-2-Wedding-scene-460x295.jpg"},"portfolio-three":{"width":300,"height":214,"mime-type":"image\/jpeg","url":"https:\/\/www.fndaterballetto.it\/wp-content\/uploads\/2020\/02\/FND-Aterballetto-Don-Juan-ph.-Celeste-Lombardi-2-Wedding-scene-300x214.jpg"},"portfolio-five":{"width":177,"height":142,"mime-type":"image\/jpeg","url":"https:\/\/www.fndaterballetto.it\/wp-content\/uploads\/2020\/02\/FND-Aterballetto-Don-Juan-ph.-Celeste-Lombardi-2-Wedding-scene-177x142.jpg"},"blog-large":{"width":669,"height":272,"mime-type":"image\/jpeg","url":"https:\/\/www.fndaterballetto.it\/wp-content\/uploads\/2020\/02\/FND-Aterballetto-Don-Juan-ph.-Celeste-Lombardi-2-Wedding-scene-669x272.jpg"},"blog-medium":{"width":320,"height":202,"mime-type":"image\/jpeg","url":"https:\/\/www.fndaterballetto.it\/wp-content\/uploads\/2020\/02\/FND-Aterballetto-Don-Juan-ph.-Celeste-Lombardi-2-Wedding-scene-320x202.jpg"},"recent-posts":{"width":700,"height":441,"mime-type":"image\/jpeg","url":"https:\/\/www.fndaterballetto.it\/wp-content\/uploads\/2020\/02\/FND-Aterballetto-Don-Juan-ph.-Celeste-Lombardi-2-Wedding-scene-700x441.jpg"},"recent-works-thumbnail":{"width":66,"height":66,"mime-type":"image\/jpeg","url":"https:\/\/www.fndaterballetto.it\/wp-content\/uploads\/2020\/02\/FND-Aterballetto-Don-Juan-ph.-Celeste-Lombardi-2-Wedding-scene-66x66.jpg"},"0":{"width":200,"height":133,"mime-type":"image\/jpeg","url":"https:\/\/www.fndaterballetto.it\/wp-content\/uploads\/2020\/02\/FND-Aterballetto-Don-Juan-ph.-Celeste-Lombardi-2-Wedding-scene.jpg"},"1":{"width":400,"height":266,"mime-type":"image\/jpeg","url":"https:\/\/www.fndaterballetto.it\/wp-content\/uploads\/2020\/02\/FND-Aterballetto-Don-Juan-ph.-Celeste-Lombardi-2-Wedding-scene-400x266.jpg"},"2":{"width":600,"height":399,"mime-type":"image\/jpeg","url":"https:\/\/www.fndaterballetto.it\/wp-content\/uploads\/2020\/02\/FND-Aterballetto-Don-Juan-ph.-Celeste-Lombardi-2-Wedding-scene-600x399.jpg"},"3":{"width":800,"height":533,"mime-type":"image\/jpeg","url":"https:\/\/www.fndaterballetto.it\/wp-content\/uploads\/2020\/02\/FND-Aterballetto-Don-Juan-ph.-Celeste-Lombardi-2-Wedding-scene-800x533.jpg"},"4":{"width":1200,"height":799,"mime-type":"image\/jpeg","url":"https:\/\/www.fndaterballetto.it\/wp-content\/uploads\/2020\/02\/FND-Aterballetto-Don-Juan-ph.-Celeste-Lombardi-2-Wedding-scene-1200x799.jpg"}}},"all_day":false,"start_date":"2020-10-17 15:30:00","start_date_details":{"year":"2020","month":"10","day":"17","hour":"15","minutes":"30","seconds":"00"},"end_date":"2020-10-17 17:15:00","end_date_details":{"year":"2020","month":"10","day":"17","hour":"17","minutes":"15","seconds":"00"},"utc_start_date":"2020-10-17 13:30:00","utc_start_date_details":{"year":"2020","month":"10","day":"17","hour":"13","minutes":"30","seconds":"00"},"utc_end_date":"2020-10-17 15:15:00","utc_end_date_details":{"year":"2020","month":"10","day":"17","hour":"15","minutes":"15","seconds":"00"},"timezone":"Europe\/Rome","timezone_abbr":"CEST","cost":"","cost_details":{"currency_symbol":"","currency_code":"","currency_position":"","values":[]},"website":"https:\/\/bit.ly\/2WLRkl1","show_map":true,"show_map_link":true,"hide_from_listings":false,"sticky":false,"featured":false,"categories":[{"name":"Aterballetto","slug":"aterballetto-en","term_group":0,"term_taxonomy_id":102,"taxonomy":"tribe_events_cat","description":"","parent":0,"count":516,"filter":"raw","term_order":"0","id":102,"urls":{"self":"https:\/\/www.fndaterballetto.it\/en\/wp-json\/tribe\/events\/v1\/categories\/102","collection":"https:\/\/www.fndaterballetto.it\/en\/wp-json\/tribe\/events\/v1\/categories"}},{"name":"Don Juan","slug":"don-juan-en","term_group":0,"term_taxonomy_id":157,"taxonomy":"tribe_events_cat","description":"","parent":73,"count":76,"filter":"raw","term_order":"0","id":157,"urls":{"self":"https:\/\/www.fndaterballetto.it\/en\/wp-json\/tribe\/events\/v1\/categories\/157","collection":"https:\/\/www.fndaterballetto.it\/en\/wp-json\/tribe\/events\/v1\/categories","up":"https:\/\/www.fndaterballetto.it\/en\/wp-json\/tribe\/events\/v1\/categories\/73"}}],"tags":[],"venue":{"id":8189,"author":"2","status":"publish","date":"2020-07-22 12:02:22","date_utc":"2020-07-22 10:02:22","modified":"2020-07-22 12:02:22","modified_utc":"2020-07-22 10:02:22","url":"https:\/\/www.fndaterballetto.it\/en\/venue\/theatre-de-chaillot\/","venue":"Th\u00e9\u00e2tre de Chaillot","slug":"theatre-de-chaillot","address":"1 Place du Trocad\u00e9ro et du 11 Novembre","city":"Paris","country":"Francia","zip":"75016","phone":"+33 1 53 65 30 00","website":"https:\/\/www.theatre-chaillot.fr\/fr","geo_lat":48.862828,"geo_lng":2.288287,"json_ld":{"@type":"Place","name":"Th\u00e9\u00e2tre de Chaillot","description":"","url":"https:\/\/www.fndaterballetto.it\/en\/venue\/theatre-de-chaillot\/","address":{"@type":"PostalAddress","streetAddress":"1 Place du Trocad\u00e9ro et du 11 Novembre","addressLocality":"Paris","postalCode":"75016","addressCountry":"Francia"},"geo":{"@type":"GeoCoordinates","latitude":48.862828,"longitude":2.288287},"telephone":"+33 1 53 65 30 00","sameAs":"https:\/\/www.theatre-chaillot.fr\/fr"},"show_map":true,"show_map_link":true,"global_id":"www.fndaterballetto.it\/en\/?id=8189","global_id_lineage":["www.fndaterballetto.it\/en\/?id=8189"]},"organizer":[],"custom_fields":[],"json_ld":{"@context":"http:\/\/schema.org","@type":"Event","name":"Don Juan","description":"&lt;p&gt;Aterballetto opens the artistic season of Th\u00e9\u00e2tre de Chaillot in Paris, important reference point of contemporary dance in Europe and  ...&lt;\/p&gt;\\n","image":"https:\/\/www.fndaterballetto.it\/wp-content\/uploads\/2020\/02\/FND-Aterballetto-Don-Juan-ph.-Celeste-Lombardi-2-Wedding-scene.jpg","url":"https:\/\/www.fndaterballetto.it\/en\/evento\/don-juan-3\/2020-10-17\/1\/","eventAttendanceMode":"https:\/\/schema.org\/OfflineEventAttendanceMode","eventStatus":"https:\/\/schema.org\/EventScheduled","startDate":"2020-10-17T15:30:00+02:00","endDate":"2020-10-17T17:15:00+02:00","location":{"@type":"Place","name":"Th\u00e9\u00e2tre de Chaillot","description":"","url":"https:\/\/www.fndaterballetto.it\/en\/venue\/theatre-de-chaillot\/","address":{"@type":"PostalAddress","streetAddress":"1 Place du Trocad\u00e9ro et du 11 Novembre","addressLocality":"Paris","postalCode":"75016","addressCountry":"Francia"},"geo":{"@type":"GeoCoordinates","latitude":48.862828,"longitude":2.288287},"telephone":"+33 1 53 65 30 00","sameAs":"https:\/\/www.theatre-chaillot.fr\/fr"},"performer":"Organization"},"is_virtual":false,"virtual_url":null,"virtual_video_source":""}