{"id":10004247,"global_id":"www.fndaterballetto.it\/en\/?id=10004247","global_id_lineage":["www.fndaterballetto.it\/en\/?id=10004247"],"author":"2","status":"publish","date":"2025-09-01 14:41:35","date_utc":"2025-09-01 12:41:35","modified":"2025-10-14 15:10:02","modified_utc":"2025-10-14 13:10:02","url":"https:\/\/www.fndaterballetto.it\/en\/evento\/notte-morricone-pays-de-danses-liegi-aterballetto\/2026-01-24\/","rest_url":"https:\/\/www.fndaterballetto.it\/en\/wp-json\/tribe\/events\/v1\/events\/10004247","title":"NOTTE MORRICONE","description":"<div class=\"video-shortcode\"><iframe title=\"CCN\/Aterballetto - Notte Morricone by Marcos Morau - indoor premiere\" width=\"1200\" height=\"675\" src=\"https:\/\/www.youtube.com\/embed\/U2sH1aQOONc?feature=oembed\" frameborder=\"0\" allow=\"accelerometer; autoplay; clipboard-write; encrypted-media; gyroscope; picture-in-picture; web-share\" referrerpolicy=\"strict-origin-when-cross-origin\" allowfullscreen><\/iframe><\/div>\n<h1 data-start=\"34\" data-end=\"191\"><strong data-start=\"34\" data-end=\"189\">In the prestigious setting of the Pays de Danses Festival in Li\u00e8ge, Aterballetto performs <em data-start=\"126\" data-end=\"143\">Notte Morricone<\/em> by Marcos Morau on January 23 and 24, 2026.<\/strong><\/h1>\n<p data-start=\"84\" data-end=\"741\">\u201cI, Ennio Morricone, am dead,\u201d wrote the composer before taking his leave. His music, however, cannot die. This is how creators and artists always leave us without ever truly leaving, and how memory takes care to keep them alive, to keep them safe. <em data-start=\"335\" data-end=\"352\">Notte Morricone<\/em> is my gift, a devoted tribute to the beauty he gave to the world.<br data-start=\"418\" data-end=\"421\" \/><em data-start=\"421\" data-end=\"438\">Notte Morricone<\/em> unfolds in the twilight of an ordinary night in the life of a creative spirit who, alone and dazed before his papers, jots down notes and envisions melodies for films that do not yet exist, bringing stories back to life in the rarefied air of his room.<br data-start=\"693\" data-end=\"696\" \/><em data-start=\"696\" data-end=\"739\">Marcos Morau \u2013 Director and Choreographer<\/em><\/p>\n<p data-start=\"743\" data-end=\"1245\">It is impossible to describe <em data-start=\"774\" data-end=\"791\">Notte Morricone<\/em>, a masterful work that washes over the spectator in waves, embraces them with emotional currents, and captivates them with the memory of timeless melodies that have long outlived the images that first inspired them. Equally enchanting is the finely chiselled, ever-poetic choreography, composed with meticulous attention to detail: legs and necks seem jointless, bending and snapping rhythmically like metronomes.<br data-start=\"1207\" data-end=\"1210\" \/><em data-start=\"1210\" data-end=\"1243\">Maria Luisa Buzzi \u2013 Danza&amp;Danza<\/em><\/p>\n<p data-start=\"1247\" data-end=\"1293\">Duration: 90 minutes<br data-start=\"1271\" data-end=\"1274\" \/><a href=\"https:\/\/www.fndaterballetto.it\/en\/scheda-produzione\/notte-morricone\/\">Find out more \u00bb<\/a><\/p>\n<p data-start=\"34\" data-end=\"241\">The performances are held in collaboration with the Directorate General for Public and Cultural Diplomacy of the Italian Ministry of Foreign Affairs and with the Italian Cultural Institute of Brussels.<\/p>\n<p><img decoding=\"async\" class=\"alignnone wp-image-31919\" src=\"https:\/\/www.fndaterballetto.it\/wp-content\/uploads\/2024\/06\/MAECI-marchio-O-IT-01.png\" alt=\"\" width=\"267\" height=\"69\" srcset=\"https:\/\/www.fndaterballetto.it\/wp-content\/uploads\/2024\/06\/MAECI-marchio-O-IT-01-200x52.png 200w, https:\/\/www.fndaterballetto.it\/wp-content\/uploads\/2024\/06\/MAECI-marchio-O-IT-01-300x78.png 300w, https:\/\/www.fndaterballetto.it\/wp-content\/uploads\/2024\/06\/MAECI-marchio-O-IT-01-400x103.png 400w, https:\/\/www.fndaterballetto.it\/wp-content\/uploads\/2024\/06\/MAECI-marchio-O-IT-01-600x155.png 600w, https:\/\/www.fndaterballetto.it\/wp-content\/uploads\/2024\/06\/MAECI-marchio-O-IT-01-768x199.png 768w, https:\/\/www.fndaterballetto.it\/wp-content\/uploads\/2024\/06\/MAECI-marchio-O-IT-01-800x207.png 800w, https:\/\/www.fndaterballetto.it\/wp-content\/uploads\/2024\/06\/MAECI-marchio-O-IT-01.png 971w\" sizes=\"(max-width: 267px) 100vw, 267px\" \/> <img decoding=\"async\" class=\"alignnone wp-image-33502\" src=\"https:\/\/www.fndaterballetto.it\/wp-content\/uploads\/2025\/07\/IIC-bruxelles-nosfondo.png\" alt=\"\" width=\"182\" height=\"99\" srcset=\"https:\/\/www.fndaterballetto.it\/wp-content\/uploads\/2025\/07\/IIC-bruxelles-nosfondo-200x109.png 200w, https:\/\/www.fndaterballetto.it\/wp-content\/uploads\/2025\/07\/IIC-bruxelles-nosfondo-300x163.png 300w, https:\/\/www.fndaterballetto.it\/wp-content\/uploads\/2025\/07\/IIC-bruxelles-nosfondo-400x218.png 400w, https:\/\/www.fndaterballetto.it\/wp-content\/uploads\/2025\/07\/IIC-bruxelles-nosfondo-600x327.png 600w, https:\/\/www.fndaterballetto.it\/wp-content\/uploads\/2025\/07\/IIC-bruxelles-nosfondo-768x418.png 768w, https:\/\/www.fndaterballetto.it\/wp-content\/uploads\/2025\/07\/IIC-bruxelles-nosfondo-800x436.png 800w, https:\/\/www.fndaterballetto.it\/wp-content\/uploads\/2025\/07\/IIC-bruxelles-nosfondo-1024x558.png 1024w, https:\/\/www.fndaterballetto.it\/wp-content\/uploads\/2025\/07\/IIC-bruxelles-nosfondo-1200x653.png 1200w, https:\/\/www.fndaterballetto.it\/wp-content\/uploads\/2025\/07\/IIC-bruxelles-nosfondo-1536x836.png 1536w, https:\/\/www.fndaterballetto.it\/wp-content\/uploads\/2025\/07\/IIC-bruxelles-nosfondo.png 1618w\" sizes=\"(max-width: 182px) 100vw, 182px\" \/><\/p>","excerpt":"<p>Li\u00e8ge &#8211; Pays de Danses Festival<\/p>","slug":"notte-morricone-pays-de-danses-liegi-aterballetto","image":{"url":"https:\/\/www.fndaterballetto.it\/wp-content\/uploads\/2024\/01\/CCN-Aterballetto-Notte-Morricone-ph.-Christophe-Bernard-1.jpg","id":29862,"extension":"jpg","width":1920,"height":1278,"filesize":237193,"sizes":{"medium":{"width":300,"height":200,"mime-type":"image\/jpeg","filesize":19216,"url":"https:\/\/www.fndaterballetto.it\/wp-content\/uploads\/2024\/01\/CCN-Aterballetto-Notte-Morricone-ph.-Christophe-Bernard-1-300x200.jpg"},"large":{"width":1024,"height":682,"mime-type":"image\/jpeg","filesize":88725,"url":"https:\/\/www.fndaterballetto.it\/wp-content\/uploads\/2024\/01\/CCN-Aterballetto-Notte-Morricone-ph.-Christophe-Bernard-1-1024x682.jpg"},"thumbnail":{"width":150,"height":150,"mime-type":"image\/jpeg","filesize":14414,"url":"https:\/\/www.fndaterballetto.it\/wp-content\/uploads\/2024\/01\/CCN-Aterballetto-Notte-Morricone-ph.-Christophe-Bernard-1-150x150.jpg"},"medium_large":{"width":768,"height":511,"mime-type":"image\/jpeg","filesize":58237,"url":"https:\/\/www.fndaterballetto.it\/wp-content\/uploads\/2024\/01\/CCN-Aterballetto-Notte-Morricone-ph.-Christophe-Bernard-1-768x511.jpg"},"1536x1536":{"width":1536,"height":1022,"mime-type":"image\/jpeg","filesize":160080,"url":"https:\/\/www.fndaterballetto.it\/wp-content\/uploads\/2024\/01\/CCN-Aterballetto-Notte-Morricone-ph.-Christophe-Bernard-1-1536x1022.jpg"},"blog-large":{"width":669,"height":445,"mime-type":"image\/jpeg","filesize":48568,"url":"https:\/\/www.fndaterballetto.it\/wp-content\/uploads\/2024\/01\/CCN-Aterballetto-Notte-Morricone-ph.-Christophe-Bernard-1-669x445.jpg"},"blog-medium":{"width":320,"height":213,"mime-type":"image\/jpeg","filesize":20624,"url":"https:\/\/www.fndaterballetto.it\/wp-content\/uploads\/2024\/01\/CCN-Aterballetto-Notte-Morricone-ph.-Christophe-Bernard-1-320x213.jpg"},"recent-posts":{"width":700,"height":466,"mime-type":"image\/jpeg","filesize":51646,"url":"https:\/\/www.fndaterballetto.it\/wp-content\/uploads\/2024\/01\/CCN-Aterballetto-Notte-Morricone-ph.-Christophe-Bernard-1-700x466.jpg"},"recent-works-thumbnail":{"width":66,"height":44,"mime-type":"image\/jpeg","filesize":9763,"url":"https:\/\/www.fndaterballetto.it\/wp-content\/uploads\/2024\/01\/CCN-Aterballetto-Notte-Morricone-ph.-Christophe-Bernard-1-66x44.jpg"},"fusion-200":{"width":200,"height":133,"mime-type":"image\/jpeg","filesize":14192,"url":"https:\/\/www.fndaterballetto.it\/wp-content\/uploads\/2024\/01\/CCN-Aterballetto-Notte-Morricone-ph.-Christophe-Bernard-1-200x133.jpg"},"fusion-400":{"width":400,"height":266,"mime-type":"image\/jpeg","filesize":25898,"url":"https:\/\/www.fndaterballetto.it\/wp-content\/uploads\/2024\/01\/CCN-Aterballetto-Notte-Morricone-ph.-Christophe-Bernard-1-400x266.jpg"},"fusion-600":{"width":600,"height":399,"mime-type":"image\/jpeg","filesize":41852,"url":"https:\/\/www.fndaterballetto.it\/wp-content\/uploads\/2024\/01\/CCN-Aterballetto-Notte-Morricone-ph.-Christophe-Bernard-1-600x399.jpg"},"fusion-800":{"width":800,"height":533,"mime-type":"image\/jpeg","filesize":61543,"url":"https:\/\/www.fndaterballetto.it\/wp-content\/uploads\/2024\/01\/CCN-Aterballetto-Notte-Morricone-ph.-Christophe-Bernard-1-800x533.jpg"},"fusion-1200":{"width":1200,"height":799,"mime-type":"image\/jpeg","filesize":110731,"url":"https:\/\/www.fndaterballetto.it\/wp-content\/uploads\/2024\/01\/CCN-Aterballetto-Notte-Morricone-ph.-Christophe-Bernard-1-1200x799.jpg"},"portfolio-full":{"width":940,"height":626,"mime-type":"image\/jpeg","filesize":77632,"url":"https:\/\/www.fndaterballetto.it\/wp-content\/uploads\/2024\/01\/CCN-Aterballetto-Notte-Morricone-ph.-Christophe-Bernard-1-940x626.jpg"},"portfolio-one":{"width":540,"height":359,"mime-type":"image\/jpeg","filesize":36713,"url":"https:\/\/www.fndaterballetto.it\/wp-content\/uploads\/2024\/01\/CCN-Aterballetto-Notte-Morricone-ph.-Christophe-Bernard-1-540x359.jpg"},"portfolio-two":{"width":460,"height":306,"mime-type":"image\/jpeg","filesize":30609,"url":"https:\/\/www.fndaterballetto.it\/wp-content\/uploads\/2024\/01\/CCN-Aterballetto-Notte-Morricone-ph.-Christophe-Bernard-1-460x306.jpg"},"portfolio-three":{"width":300,"height":200,"mime-type":"image\/jpeg","filesize":19216,"url":"https:\/\/www.fndaterballetto.it\/wp-content\/uploads\/2024\/01\/CCN-Aterballetto-Notte-Morricone-ph.-Christophe-Bernard-1-300x200.jpg"},"portfolio-five":{"width":177,"height":118,"mime-type":"image\/jpeg","filesize":13256,"url":"https:\/\/www.fndaterballetto.it\/wp-content\/uploads\/2024\/01\/CCN-Aterballetto-Notte-Morricone-ph.-Christophe-Bernard-1-177x118.jpg"}}},"all_day":false,"start_date":"2026-01-24 18:00:00","start_date_details":{"year":"2026","month":"01","day":"24","hour":"18","minutes":"00","seconds":"00"},"end_date":"2026-01-24 19:30:00","end_date_details":{"year":"2026","month":"01","day":"24","hour":"19","minutes":"30","seconds":"00"},"utc_start_date":"2026-01-24 17:00:00","utc_start_date_details":{"year":"2026","month":"01","day":"24","hour":"17","minutes":"00","seconds":"00"},"utc_end_date":"2026-01-24 18:30:00","utc_end_date_details":{"year":"2026","month":"01","day":"24","hour":"18","minutes":"30","seconds":"00"},"timezone":"Europe\/Rome","timezone_abbr":"CET","cost":"","cost_details":{"currency_symbol":"","currency_code":"","currency_position":"prefix","values":[]},"website":"https:\/\/theatredeliege.be\/en\/evenement\/notte-morricone\/","show_map":true,"show_map_link":true,"hide_from_listings":false,"sticky":false,"featured":false,"categories":[{"name":"Aterballetto","slug":"aterballetto-en","term_group":0,"term_taxonomy_id":102,"taxonomy":"tribe_events_cat","description":"","parent":0,"count":516,"filter":"raw","term_order":"0","id":102,"urls":{"self":"https:\/\/www.fndaterballetto.it\/en\/wp-json\/tribe\/events\/v1\/categories\/102","collection":"https:\/\/www.fndaterballetto.it\/en\/wp-json\/tribe\/events\/v1\/categories"}},{"name":"Notte Morricone","slug":"notte-morricone-en","term_group":0,"term_taxonomy_id":353,"taxonomy":"tribe_events_cat","description":"","parent":73,"count":49,"filter":"raw","term_order":"0","id":353,"urls":{"self":"https:\/\/www.fndaterballetto.it\/en\/wp-json\/tribe\/events\/v1\/categories\/353","collection":"https:\/\/www.fndaterballetto.it\/en\/wp-json\/tribe\/events\/v1\/categories","up":"https:\/\/www.fndaterballetto.it\/en\/wp-json\/tribe\/events\/v1\/categories\/73"}},{"name":"Productions","slug":"productions","term_group":0,"term_taxonomy_id":73,"taxonomy":"tribe_events_cat","description":"","parent":0,"count":277,"filter":"raw","term_order":"0","id":73,"urls":{"self":"https:\/\/www.fndaterballetto.it\/en\/wp-json\/tribe\/events\/v1\/categories\/73","collection":"https:\/\/www.fndaterballetto.it\/en\/wp-json\/tribe\/events\/v1\/categories"}},{"name":"Stagione 25\/26","slug":"stagione-25-26-en","term_group":0,"term_taxonomy_id":387,"taxonomy":"tribe_events_cat","description":"","parent":0,"count":70,"filter":"raw","term_order":"0","id":387,"urls":{"self":"https:\/\/www.fndaterballetto.it\/en\/wp-json\/tribe\/events\/v1\/categories\/387","collection":"https:\/\/www.fndaterballetto.it\/en\/wp-json\/tribe\/events\/v1\/categories"}}],"tags":[],"venue":{"id":34163,"author":"2","status":"publish","date":"2025-07-01 15:31:49","date_utc":"2025-07-01 13:31:49","modified":"2025-07-01 15:31:49","modified_utc":"2025-07-01 13:31:49","url":"https:\/\/www.fndaterballetto.it\/en\/venue\/theatre-de-liege\/","venue":"Th\u00e9\u00e2tre de Li\u00e8ge","slug":"theatre-de-liege","address":"Place du 20-Ao\u00fbt, 16","city":"Li\u00e8ge","country":"Belgium","zip":"4000","website":"https:\/\/theatredeliege.be\/en\/","geo_lat":50.640815960131,"geo_lng":5.5748215685216,"json_ld":{"@type":"Place","name":"Th\u00e9\u00e2tre de Li\u00e8ge","description":"","url":"https:\/\/www.fndaterballetto.it\/en\/venue\/theatre-de-liege\/","address":{"@type":"PostalAddress","streetAddress":"Place du 20-Ao\u00fbt, 16","addressLocality":"Li\u00e8ge","postalCode":"4000","addressCountry":"Belgium"},"geo":{"@type":"GeoCoordinates","latitude":50.640815960131,"longitude":5.5748215685216},"telephone":"","sameAs":"https:\/\/theatredeliege.be\/en\/"},"show_map":true,"show_map_link":true,"global_id":"www.fndaterballetto.it\/en\/?id=34163","global_id_lineage":["www.fndaterballetto.it\/en\/?id=34163"]},"organizer":[],"custom_fields":[],"json_ld":{"@context":"http:\/\/schema.org","@type":"Event","name":"NOTTE MORRICONE","description":"&lt;p&gt;Li\u00e8ge - Pays de Danses Festival&lt;\/p&gt;\\n","image":"https:\/\/www.fndaterballetto.it\/wp-content\/uploads\/2024\/01\/CCN-Aterballetto-Notte-Morricone-ph.-Christophe-Bernard-1.jpg","url":"https:\/\/www.fndaterballetto.it\/en\/evento\/notte-morricone-pays-de-danses-liegi-aterballetto\/2026-01-24\/","eventAttendanceMode":"https:\/\/schema.org\/OfflineEventAttendanceMode","eventStatus":"https:\/\/schema.org\/EventScheduled","startDate":"2026-01-24T18:00:00+01:00","endDate":"2026-01-24T19:30:00+01:00","location":{"@type":"Place","name":"Th\u00e9\u00e2tre de Li\u00e8ge","description":"","url":"https:\/\/www.fndaterballetto.it\/en\/venue\/theatre-de-liege\/","address":{"@type":"PostalAddress","streetAddress":"Place du 20-Ao\u00fbt, 16","addressLocality":"Li\u00e8ge","postalCode":"4000","addressCountry":"Belgium"},"geo":{"@type":"GeoCoordinates","latitude":50.640815960131,"longitude":5.5748215685216},"telephone":"","sameAs":"https:\/\/theatredeliege.be\/en\/"},"performer":"Organization"},"is_virtual":false,"virtual_url":null,"virtual_video_source":""}