{"id":10004288,"global_id":"www.fndaterballetto.it\/en\/?id=10004288","global_id_lineage":["www.fndaterballetto.it\/en\/?id=10004288"],"author":"2","status":"publish","date":"2025-09-01 13:18:08","date_utc":"2025-09-01 11:18:08","modified":"2026-01-29 13:12:23","modified_utc":"2026-01-29 12:12:23","url":"https:\/\/www.fndaterballetto.it\/en\/evento\/notte-morricone-torino-teatro-carignano-2\/2026-04-24\/","rest_url":"https:\/\/www.fndaterballetto.it\/en\/wp-json\/tribe\/events\/v1\/events\/10004288","title":"NOTTE MORRICONE","description":"<div class=\"video-shortcode\"><iframe title=\"CCN\/Aterballetto - Notte Morricone by Marcos Morau - indoor premiere\" width=\"1200\" height=\"675\" src=\"https:\/\/www.youtube.com\/embed\/U2sH1aQOONc?feature=oembed\" frameborder=\"0\" allow=\"accelerometer; autoplay; clipboard-write; encrypted-media; gyroscope; picture-in-picture; web-share\" referrerpolicy=\"strict-origin-when-cross-origin\" allowfullscreen><\/iframe><\/div>\n<h1><strong>Dal 22 al 26 aprile 2026 Aterballetto danza<em> Notte<\/em><em> Morricone <\/em>di<\/strong><strong> Marcos Morau al Teatro Carignano di Torino per il Torinodanza Extra.<\/strong><\/h1>\n<p style=\"text-align: justify;\"><span style=\"font-size: 10pt;\">&#8220;Io, Ennio Morricone, sono morto&#8221;, scrisse il compositore prima di congedarsi. La sua musica, invece, non pu\u00f2 farlo. Ed \u00e8 cos\u00ec che i creatori e gli artisti sempre ci lasciano senza lasciarci, ed \u00e8 in questo modo che la memoria si preoccupa di tenerli vivi, di tenerli al sicuro. Notte Morricone \u00e8 il mio regalo, un devoto tributo alla bellezza che ha donato al mondo.<br \/>\n<em>Notte Morricone<\/em> si svolge nel crepuscolo di una notte ordinaria nella vita di un creativo, che solo e stordito davanti ai suoi fogli, prende appunti e visualizza melodie per film che non esistono ancora, riportando in vita storie nell&#8217;aria rarefatta della sua stanza.<br \/>\n<em>Marcos Morau &#8211; Regista e coreografo<\/em><\/span><\/p>\n<p style=\"text-align: justify;\"><span style=\"font-size: 10pt;\"><br \/>\nImpossibile descrivere <em>Notte Morricone<\/em>, pezzo magistrale che arriva a flutti allo spettatore, lo abbraccia con onde emotive, lo cattura nella memoria di melodie intramontabili sopravvissute di gran lunga alle immagini che le hanno generate. Incantevole pure la coreografia cesellata e sempre poetica, composta con maniacale attenzione al dettaglio: gambe e collo sembrano privi di giunture, si flettono e scattano ritmicamente come metronomi.<br \/>\n<em>Maria Luisa Buzzi &#8211; Danza&amp;Danza<\/em><\/span><\/p>\n<p style=\"text-align: justify;\"><span style=\"color: #ff0000; font-size: 10pt;\"><a style=\"color: #ff0000;\" href=\"https:\/\/www.fndaterballetto.it\/en\/scheda-produzione\/notte-morricone\/\"><strong>Scopri di pi\u00f9 \u00bb<\/strong><\/a><\/span><\/p>\n<h5><span style=\"font-size: 10pt;\"><strong>Durata 90&#8242;<\/strong><\/span><\/h5>\n<p>&nbsp;<\/p>","excerpt":"<p>Torino &#8211; Teatro Carignano<\/p>","slug":"notte-morricone-torino-teatro-carignano-2","image":{"url":"https:\/\/www.fndaterballetto.it\/wp-content\/uploads\/2024\/01\/CCN-Aterballetto-Notte-Morricone-ph.-Christophe-Bernard-1.jpg","id":29862,"extension":"jpg","width":1920,"height":1278,"filesize":237193,"sizes":{"medium":{"width":300,"height":200,"mime-type":"image\/jpeg","filesize":19216,"url":"https:\/\/www.fndaterballetto.it\/wp-content\/uploads\/2024\/01\/CCN-Aterballetto-Notte-Morricone-ph.-Christophe-Bernard-1-300x200.jpg"},"large":{"width":1024,"height":682,"mime-type":"image\/jpeg","filesize":88725,"url":"https:\/\/www.fndaterballetto.it\/wp-content\/uploads\/2024\/01\/CCN-Aterballetto-Notte-Morricone-ph.-Christophe-Bernard-1-1024x682.jpg"},"thumbnail":{"width":150,"height":150,"mime-type":"image\/jpeg","filesize":14414,"url":"https:\/\/www.fndaterballetto.it\/wp-content\/uploads\/2024\/01\/CCN-Aterballetto-Notte-Morricone-ph.-Christophe-Bernard-1-150x150.jpg"},"medium_large":{"width":768,"height":511,"mime-type":"image\/jpeg","filesize":58237,"url":"https:\/\/www.fndaterballetto.it\/wp-content\/uploads\/2024\/01\/CCN-Aterballetto-Notte-Morricone-ph.-Christophe-Bernard-1-768x511.jpg"},"1536x1536":{"width":1536,"height":1022,"mime-type":"image\/jpeg","filesize":160080,"url":"https:\/\/www.fndaterballetto.it\/wp-content\/uploads\/2024\/01\/CCN-Aterballetto-Notte-Morricone-ph.-Christophe-Bernard-1-1536x1022.jpg"},"blog-large":{"width":669,"height":445,"mime-type":"image\/jpeg","filesize":48568,"url":"https:\/\/www.fndaterballetto.it\/wp-content\/uploads\/2024\/01\/CCN-Aterballetto-Notte-Morricone-ph.-Christophe-Bernard-1-669x445.jpg"},"blog-medium":{"width":320,"height":213,"mime-type":"image\/jpeg","filesize":20624,"url":"https:\/\/www.fndaterballetto.it\/wp-content\/uploads\/2024\/01\/CCN-Aterballetto-Notte-Morricone-ph.-Christophe-Bernard-1-320x213.jpg"},"recent-posts":{"width":700,"height":466,"mime-type":"image\/jpeg","filesize":51646,"url":"https:\/\/www.fndaterballetto.it\/wp-content\/uploads\/2024\/01\/CCN-Aterballetto-Notte-Morricone-ph.-Christophe-Bernard-1-700x466.jpg"},"recent-works-thumbnail":{"width":66,"height":44,"mime-type":"image\/jpeg","filesize":9763,"url":"https:\/\/www.fndaterballetto.it\/wp-content\/uploads\/2024\/01\/CCN-Aterballetto-Notte-Morricone-ph.-Christophe-Bernard-1-66x44.jpg"},"fusion-200":{"width":200,"height":133,"mime-type":"image\/jpeg","filesize":14192,"url":"https:\/\/www.fndaterballetto.it\/wp-content\/uploads\/2024\/01\/CCN-Aterballetto-Notte-Morricone-ph.-Christophe-Bernard-1-200x133.jpg"},"fusion-400":{"width":400,"height":266,"mime-type":"image\/jpeg","filesize":25898,"url":"https:\/\/www.fndaterballetto.it\/wp-content\/uploads\/2024\/01\/CCN-Aterballetto-Notte-Morricone-ph.-Christophe-Bernard-1-400x266.jpg"},"fusion-600":{"width":600,"height":399,"mime-type":"image\/jpeg","filesize":41852,"url":"https:\/\/www.fndaterballetto.it\/wp-content\/uploads\/2024\/01\/CCN-Aterballetto-Notte-Morricone-ph.-Christophe-Bernard-1-600x399.jpg"},"fusion-800":{"width":800,"height":533,"mime-type":"image\/jpeg","filesize":61543,"url":"https:\/\/www.fndaterballetto.it\/wp-content\/uploads\/2024\/01\/CCN-Aterballetto-Notte-Morricone-ph.-Christophe-Bernard-1-800x533.jpg"},"fusion-1200":{"width":1200,"height":799,"mime-type":"image\/jpeg","filesize":110731,"url":"https:\/\/www.fndaterballetto.it\/wp-content\/uploads\/2024\/01\/CCN-Aterballetto-Notte-Morricone-ph.-Christophe-Bernard-1-1200x799.jpg"},"portfolio-full":{"width":940,"height":626,"mime-type":"image\/jpeg","filesize":77632,"url":"https:\/\/www.fndaterballetto.it\/wp-content\/uploads\/2024\/01\/CCN-Aterballetto-Notte-Morricone-ph.-Christophe-Bernard-1-940x626.jpg"},"portfolio-one":{"width":540,"height":359,"mime-type":"image\/jpeg","filesize":36713,"url":"https:\/\/www.fndaterballetto.it\/wp-content\/uploads\/2024\/01\/CCN-Aterballetto-Notte-Morricone-ph.-Christophe-Bernard-1-540x359.jpg"},"portfolio-two":{"width":460,"height":306,"mime-type":"image\/jpeg","filesize":30609,"url":"https:\/\/www.fndaterballetto.it\/wp-content\/uploads\/2024\/01\/CCN-Aterballetto-Notte-Morricone-ph.-Christophe-Bernard-1-460x306.jpg"},"portfolio-three":{"width":300,"height":200,"mime-type":"image\/jpeg","filesize":19216,"url":"https:\/\/www.fndaterballetto.it\/wp-content\/uploads\/2024\/01\/CCN-Aterballetto-Notte-Morricone-ph.-Christophe-Bernard-1-300x200.jpg"},"portfolio-five":{"width":177,"height":118,"mime-type":"image\/jpeg","filesize":13256,"url":"https:\/\/www.fndaterballetto.it\/wp-content\/uploads\/2024\/01\/CCN-Aterballetto-Notte-Morricone-ph.-Christophe-Bernard-1-177x118.jpg"}}},"all_day":false,"start_date":"2026-04-24 20:45:00","start_date_details":{"year":"2026","month":"04","day":"24","hour":"20","minutes":"45","seconds":"00"},"end_date":"2026-04-24 22:15:00","end_date_details":{"year":"2026","month":"04","day":"24","hour":"22","minutes":"15","seconds":"00"},"utc_start_date":"2026-04-24 18:45:00","utc_start_date_details":{"year":"2026","month":"04","day":"24","hour":"18","minutes":"45","seconds":"00"},"utc_end_date":"2026-04-24 20:15:00","utc_end_date_details":{"year":"2026","month":"04","day":"24","hour":"20","minutes":"15","seconds":"00"},"timezone":"Europe\/Rome","timezone_abbr":"CEST","cost":"","cost_details":{"currency_symbol":"","currency_code":"","currency_position":"prefix","values":[]},"website":"https:\/\/www.teatrostabiletorino.it\/cartellone\/notte-morricone-23-26-aprile-2026\/","show_map":true,"show_map_link":true,"hide_from_listings":false,"sticky":false,"featured":false,"categories":[{"name":"Aterballetto","slug":"aterballetto-en","term_group":0,"term_taxonomy_id":102,"taxonomy":"tribe_events_cat","description":"","parent":0,"count":516,"filter":"raw","term_order":"0","id":102,"urls":{"self":"https:\/\/www.fndaterballetto.it\/en\/wp-json\/tribe\/events\/v1\/categories\/102","collection":"https:\/\/www.fndaterballetto.it\/en\/wp-json\/tribe\/events\/v1\/categories"}},{"name":"Notte Morricone","slug":"notte-morricone-en","term_group":0,"term_taxonomy_id":353,"taxonomy":"tribe_events_cat","description":"","parent":73,"count":49,"filter":"raw","term_order":"0","id":353,"urls":{"self":"https:\/\/www.fndaterballetto.it\/en\/wp-json\/tribe\/events\/v1\/categories\/353","collection":"https:\/\/www.fndaterballetto.it\/en\/wp-json\/tribe\/events\/v1\/categories","up":"https:\/\/www.fndaterballetto.it\/en\/wp-json\/tribe\/events\/v1\/categories\/73"}},{"name":"Productions","slug":"productions","term_group":0,"term_taxonomy_id":73,"taxonomy":"tribe_events_cat","description":"","parent":0,"count":277,"filter":"raw","term_order":"0","id":73,"urls":{"self":"https:\/\/www.fndaterballetto.it\/en\/wp-json\/tribe\/events\/v1\/categories\/73","collection":"https:\/\/www.fndaterballetto.it\/en\/wp-json\/tribe\/events\/v1\/categories"}},{"name":"Stagione 25\/26","slug":"stagione-25-26-en","term_group":0,"term_taxonomy_id":387,"taxonomy":"tribe_events_cat","description":"","parent":0,"count":70,"filter":"raw","term_order":"0","id":387,"urls":{"self":"https:\/\/www.fndaterballetto.it\/en\/wp-json\/tribe\/events\/v1\/categories\/387","collection":"https:\/\/www.fndaterballetto.it\/en\/wp-json\/tribe\/events\/v1\/categories"}}],"tags":[],"venue":{"id":1989,"author":"2","status":"publish","date":"2018-07-16 12:18:27","date_utc":"2018-07-16 10:18:27","modified":"2020-03-19 23:35:57","modified_utc":"2020-03-19 22:35:57","url":"https:\/\/www.fndaterballetto.it\/luogo\/teatro-carignano\/","venue":"Teatro Carignano","slug":"teatro-carignano","address":"Piazza Carignano, 6","city":"Torino","country":"Italia","zip":"10123","phone":"+39 011 516 9411","website":"https:\/\/www.teatrostabiletorino.it","geo_lat":45.069283,"geo_lng":7.684653,"json_ld":{"@type":"Place","name":"Teatro Carignano","description":"","url":"https:\/\/www.fndaterballetto.it\/luogo\/teatro-carignano\/","address":{"@type":"PostalAddress","streetAddress":"Piazza Carignano, 6","addressLocality":"Torino","postalCode":"10123","addressCountry":"Italia"},"geo":{"@type":"GeoCoordinates","latitude":45.069283,"longitude":7.684653},"telephone":"+39 011 516 9411","sameAs":"https:\/\/www.teatrostabiletorino.it"},"show_map":true,"show_map_link":true,"global_id":"www.fndaterballetto.it\/en\/?id=1989","global_id_lineage":["www.fndaterballetto.it\/en\/?id=1989"]},"organizer":[],"custom_fields":[],"json_ld":{"@context":"http:\/\/schema.org","@type":"Event","name":"NOTTE MORRICONE","description":"&lt;p&gt;Torino - Teatro Carignano&lt;\/p&gt;\\n","image":"https:\/\/www.fndaterballetto.it\/wp-content\/uploads\/2024\/01\/CCN-Aterballetto-Notte-Morricone-ph.-Christophe-Bernard-1.jpg","url":"https:\/\/www.fndaterballetto.it\/en\/evento\/notte-morricone-torino-teatro-carignano-2\/2026-04-24\/","eventAttendanceMode":"https:\/\/schema.org\/OfflineEventAttendanceMode","eventStatus":"https:\/\/schema.org\/EventScheduled","startDate":"2026-04-24T20:45:00+02:00","endDate":"2026-04-24T22:15:00+02:00","location":{"@type":"Place","name":"Teatro Carignano","description":"","url":"https:\/\/www.fndaterballetto.it\/luogo\/teatro-carignano\/","address":{"@type":"PostalAddress","streetAddress":"Piazza Carignano, 6","addressLocality":"Torino","postalCode":"10123","addressCountry":"Italia"},"geo":{"@type":"GeoCoordinates","latitude":45.069283,"longitude":7.684653},"telephone":"+39 011 516 9411","sameAs":"https:\/\/www.teatrostabiletorino.it"},"performer":"Organization"},"is_virtual":false,"virtual_url":null,"virtual_video_source":""}