{"id":16529,"global_id":"www.fndaterballetto.it\/en\/?id=16529","global_id_lineage":["www.fndaterballetto.it\/en\/?id=16529"],"author":"2","status":"publish","date":"2022-07-27 15:01:39","date_utc":"2022-07-27 13:01:39","modified":"2022-10-07 09:56:48","modified_utc":"2022-10-07 07:56:48","url":"https:\/\/www.fndaterballetto.it\/en\/event\/double-side-ferrara-aterballetto\/","rest_url":"https:\/\/www.fndaterballetto.it\/en\/wp-json\/tribe\/events\/v1\/events\/16529","title":"Double Side","description":"<p>At Teatro Comunale in Ferrara Aterballetto presents the new production <span style=\"color: #d40000;\"><strong>Double Side<\/strong><\/span>.<\/p>\n<p>Baroque music and contemporary dance are combined in the new programme of the Italian Fondazione Nazionale della Danza \/ Aterballetto, which features two choreographers from Canada and Cuba who are little known in Italy, <strong>Dani\u00e8le Desnoyers<\/strong> and <strong>Norge Cede\u00f1o Raffo<\/strong>. In close collaboration with the Fondazione Arturo Toscanini from Parma, its orchestral counterpart from Emilia-Romagna Region, the renowned company brings along a musical ensemble of singers and string players, dancing to a baroque suite and a &#8220;Stabat Mater&#8221; by Arvo P\u00e4rt.<\/p>\n<p><img decoding=\"async\" class=\"alignnone size-full wp-image-16228\" src=\"https:\/\/www.fndaterballetto.it\/wp-content\/uploads\/2022\/07\/FND-Aterballetto-Stabat-Mater-13.jpg\" alt=\"\" width=\"1920\" height=\"1080\" srcset=\"https:\/\/www.fndaterballetto.it\/wp-content\/uploads\/2022\/07\/FND-Aterballetto-Stabat-Mater-13-200x113.jpg 200w, https:\/\/www.fndaterballetto.it\/wp-content\/uploads\/2022\/07\/FND-Aterballetto-Stabat-Mater-13-300x169.jpg 300w, https:\/\/www.fndaterballetto.it\/wp-content\/uploads\/2022\/07\/FND-Aterballetto-Stabat-Mater-13-400x225.jpg 400w, https:\/\/www.fndaterballetto.it\/wp-content\/uploads\/2022\/07\/FND-Aterballetto-Stabat-Mater-13-600x338.jpg 600w, https:\/\/www.fndaterballetto.it\/wp-content\/uploads\/2022\/07\/FND-Aterballetto-Stabat-Mater-13-768x432.jpg 768w, https:\/\/www.fndaterballetto.it\/wp-content\/uploads\/2022\/07\/FND-Aterballetto-Stabat-Mater-13-800x450.jpg 800w, https:\/\/www.fndaterballetto.it\/wp-content\/uploads\/2022\/07\/FND-Aterballetto-Stabat-Mater-13-1024x576.jpg 1024w, https:\/\/www.fndaterballetto.it\/wp-content\/uploads\/2022\/07\/FND-Aterballetto-Stabat-Mater-13-1200x675.jpg 1200w, https:\/\/www.fndaterballetto.it\/wp-content\/uploads\/2022\/07\/FND-Aterballetto-Stabat-Mater-13-1536x864.jpg 1536w, https:\/\/www.fndaterballetto.it\/wp-content\/uploads\/2022\/07\/FND-Aterballetto-Stabat-Mater-13.jpg 1920w\" sizes=\"(max-width: 1920px) 100vw, 1920px\" \/><\/p>\n<div class=\"accordian fusion-accordian\" style=\"--awb-border-size:1px;--awb-icon-size:13px;--awb-content-font-size:1em;--awb-icon-alignment:left;--awb-hover-color:#f9f9f9;--awb-border-color:#cccccc;--awb-background-color:#ffffff;--awb-divider-color:#222222;--awb-divider-hover-color:#222222;--awb-icon-color:#222222;--awb-title-color:var(--awb-color8);--awb-content-color:var(--awb-color8);--awb-icon-box-color:#333333;--awb-toggle-hover-accent-color:var(--awb-color3);--awb-title-font-family:&quot;Mulish&quot;;--awb-title-font-weight:700;--awb-title-font-style:normal;--awb-title-font-size:1.4em;--awb-content-font-family:&quot;Mulish&quot;;--awb-content-font-style:normal;--awb-content-font-weight:400;\"><div class=\"panel-group fusion-toggle-icon-unboxed\" id=\"accordion--1\"><div class=\"fusion-panel panel-default panel-432fe4d27875bfdf4 fusion-toggle-has-divider\"><div class=\"panel-heading\"><h4 class=\"panel-title toggle\" id=\"toggle_432fe4d27875bfdf4\"><a aria-expanded=\"false\" aria-controls=\"432fe4d27875bfdf4\" role=\"button\" data-toggle=\"collapse\" data-parent=\"#accordion--1\" data-target=\"#432fe4d27875bfdf4\" href=\"#432fe4d27875bfdf4\"><span class=\"fusion-toggle-icon-wrapper\" aria-hidden=\"true\"><i class=\"fa-fusion-box active-icon awb-icon-minus\" aria-hidden=\"true\"><\/i><i class=\"fa-fusion-box inactive-icon awb-icon-plus\" aria-hidden=\"true\"><\/i><\/span><span class=\"fusion-toggle-heading\">Synopsis<\/span><\/a><\/h4><\/div><div id=\"432fe4d27875bfdf4\" class=\"panel-collapse collapse \" aria-labelledby=\"toggle_432fe4d27875bfdf4\"><div class=\"panel-body toggle-content fusion-clearfix\"><\/p>\n<p>The<strong> Cuban Norge Cede\u00f1o Raffo<\/strong> creates to religious music, of all things. The young, up-and-coming choreographer was a soloist with Danza Contempor\u00e1nea de Cuba, the most important contemporary company in Cuba. Arvo P\u00e4rt&#8217;s &#8220;Stabat Mater&#8221; becomes a painful farewell work for him. The Estonian composer set the medieval text about the pain of the Mother of God to music in his characteristic, reduced style. The moving effect of this music also characterises the expressive, free and, in the most beautiful sense, pure dance: how can one find hope again in a destroyed world and after such a great loss, how can one go on living, Norge Cede\u00f1o Raffo asks himself in his <strong><a href=\"https:\/\/www.fndaterballetto.it\/en\/scheda-produzione\/stabat-mater\/\" target=\"_blank\" rel=\"noopener noreferrer\">work<\/a><\/strong>.<\/p>\n<div class=\"video-shortcode\"><iframe title=\"FND\/Aterballetto - STABAT MATER work in progress trailer\" width=\"1200\" height=\"675\" src=\"https:\/\/www.youtube.com\/embed\/mTyg2HiWfKI?feature=oembed\" frameborder=\"0\" allow=\"accelerometer; autoplay; clipboard-write; encrypted-media; gyroscope; picture-in-picture; web-share\" allowfullscreen><\/iframe><\/div>\n<p>Choreographer Dani\u00e8le Desnoyers comes from Montr\u00e9al, the metropolis of modern Canadian dance, where her light, fluid style and her own company make her a permanent fixture on the contemporary scene. In addition to a theatrical element, her pieces always have a strong relationship to music. Her creation for Aterballetto is based on a suite by the Italian composer Federico Gon; the specialist for baroque music was inspired by Henry Purcell.<\/p>\n<p>&nbsp;<\/p>\n<p><img decoding=\"async\" class=\"alignnone size-full wp-image-16224\" src=\"https:\/\/www.fndaterballetto.it\/wp-content\/uploads\/2022\/07\/20210506_Daniele_LCDL-21_R-web-copie.jpg\" alt=\"\" width=\"1920\" height=\"1282\" srcset=\"https:\/\/www.fndaterballetto.it\/wp-content\/uploads\/2022\/07\/20210506_Daniele_LCDL-21_R-web-copie-200x134.jpg 200w, https:\/\/www.fndaterballetto.it\/wp-content\/uploads\/2022\/07\/20210506_Daniele_LCDL-21_R-web-copie-300x200.jpg 300w, https:\/\/www.fndaterballetto.it\/wp-content\/uploads\/2022\/07\/20210506_Daniele_LCDL-21_R-web-copie-400x267.jpg 400w, https:\/\/www.fndaterballetto.it\/wp-content\/uploads\/2022\/07\/20210506_Daniele_LCDL-21_R-web-copie-600x401.jpg 600w, https:\/\/www.fndaterballetto.it\/wp-content\/uploads\/2022\/07\/20210506_Daniele_LCDL-21_R-web-copie-768x513.jpg 768w, https:\/\/www.fndaterballetto.it\/wp-content\/uploads\/2022\/07\/20210506_Daniele_LCDL-21_R-web-copie-800x534.jpg 800w, https:\/\/www.fndaterballetto.it\/wp-content\/uploads\/2022\/07\/20210506_Daniele_LCDL-21_R-web-copie-1024x684.jpg 1024w, https:\/\/www.fndaterballetto.it\/wp-content\/uploads\/2022\/07\/20210506_Daniele_LCDL-21_R-web-copie-1200x801.jpg 1200w, https:\/\/www.fndaterballetto.it\/wp-content\/uploads\/2022\/07\/20210506_Daniele_LCDL-21_R-web-copie-1536x1026.jpg 1536w, https:\/\/www.fndaterballetto.it\/wp-content\/uploads\/2022\/07\/20210506_Daniele_LCDL-21_R-web-copie.jpg 1920w\" sizes=\"(max-width: 1920px) 100vw, 1920px\" \/><\/p>\n<p>&nbsp;<\/p>\n<p><\/div><\/div><\/div><div class=\"fusion-panel panel-default panel-7a72a2f2fda851f1e fusion-toggle-has-divider\"><div class=\"panel-heading\"><h4 class=\"panel-title toggle\" id=\"toggle_7a72a2f2fda851f1e\"><a aria-expanded=\"false\" aria-controls=\"7a72a2f2fda851f1e\" role=\"button\" data-toggle=\"collapse\" data-parent=\"#accordion--1\" data-target=\"#7a72a2f2fda851f1e\" href=\"#7a72a2f2fda851f1e\"><span class=\"fusion-toggle-icon-wrapper\" aria-hidden=\"true\"><i class=\"fa-fusion-box active-icon awb-icon-minus\" aria-hidden=\"true\"><\/i><i class=\"fa-fusion-box inactive-icon awb-icon-plus\" aria-hidden=\"true\"><\/i><\/span><span class=\"fusion-toggle-heading\">Credits<\/span><\/a><\/h4><\/div><div id=\"7a72a2f2fda851f1e\" class=\"panel-collapse collapse \" aria-labelledby=\"toggle_7a72a2f2fda851f1e\"><div class=\"panel-body toggle-content fusion-clearfix\"><\/p>\n<h4><span style=\"color: #d40000;\"><strong>STABAT MATER<\/strong><\/span><\/h4>\n<p><em>(Creation for 3 dancers, 3 musicians, 3 singers)<\/em><\/p>\n<p>Choreography <strong>Norge Cede\u00f1o Raffo<\/strong><br \/>\nSet and lighting design <strong>Fabiana Piccioli<\/strong><br \/>\nMusic<strong><em> Stabat Mater<\/em> by Arvo P\u00e4rt<\/strong><br \/>\nCostume design <strong>Norge Cede\u00f1o Raffo and Fabiana Piccioli<\/strong><br \/>\nAssistant to the choreographer <strong>Thais Su\u00e0rez Fern\u00e0ndez<\/strong><\/p>\n<h4><span style=\"color: #d40000;\"><strong>WITH DROOPING WINGS<\/strong><\/span><\/h4>\n<p><em>(Creation for 8 dancers, 4 strings)<\/em><\/p>\n<p>Choreography<strong> Dani\u00e8le Desnoyers<\/strong><br \/>\nMusic <strong><em>An English Suite<\/em><\/strong> <strong>by Federico Gon after Henry Purcell<\/strong><br \/>\nSet and lighting design <strong>Fabiana Piccioli<\/strong><br \/>\nCostume design <strong>Dani\u00e8le Desnoyers<\/strong><br \/>\n<em>With the support of D\u00e9l\u00e9gation du Qu\u00e9bec \u00e0 Rome and Conseil des arts et des lettres du Qu\u00e9bec<\/em><\/p>\n<p><img decoding=\"async\" class=\"alignnone wp-image-16226\" src=\"https:\/\/www.fndaterballetto.it\/wp-content\/uploads\/2022\/07\/QUEBw1.png\" alt=\"\" width=\"128\" height=\"39\" \/><\/p>\n<hr \/>\n<p>Co-design and co-production <strong>Fondazione Nazionale della Danza \/ Aterballetto and Fondazione Arturo Toscanini<\/strong><br \/>\nCo-production <strong>Festspiele Ludwigshafen, Fondazione I Teatri di Reggio Emilia<\/strong><\/p>\n<p>World-premiere <strong>23 October 2022, Reggio Emilia, Festival Aperto, Teatro Municipale Romolo Valli (I)<\/strong><br \/>\nGerman premiere<strong> 9-10 December 2022, Ludwigshafen, Theater Im Pfalzbau (D)<\/strong><\/p>\n<hr \/>\n<p>Dancers Aterballetto Company<br \/>\nQuartetto Motus for La Toscanini: Giulia Soli, Agnese Rava violin, Dario Carrera viola, Margherita Curti cello<br \/>\nSoprano: Theodora Io Koutsothodoru<br \/>\nCountertenor: Nicol\u00f2 Balducci<br \/>\nTenor: Kim Bowoo<br \/>\nMusical coaching: Antonio De Lorenzi<\/p>\n<p><\/div><\/div><\/div><div class=\"fusion-panel panel-default panel-61a42cc74bfa4c7d0 fusion-toggle-has-divider\"><div class=\"panel-heading\"><h4 class=\"panel-title toggle\" id=\"toggle_61a42cc74bfa4c7d0\"><a aria-expanded=\"false\" aria-controls=\"61a42cc74bfa4c7d0\" role=\"button\" data-toggle=\"collapse\" data-parent=\"#accordion--1\" data-target=\"#61a42cc74bfa4c7d0\" href=\"#61a42cc74bfa4c7d0\"><span class=\"fusion-toggle-icon-wrapper\" aria-hidden=\"true\"><i class=\"fa-fusion-box active-icon awb-icon-minus\" aria-hidden=\"true\"><\/i><i class=\"fa-fusion-box inactive-icon awb-icon-plus\" aria-hidden=\"true\"><\/i><\/span><span class=\"fusion-toggle-heading\">Docufilm Stabat Mater - Danzare oltre i confini<\/span><\/a><\/h4><\/div><div id=\"61a42cc74bfa4c7d0\" class=\"panel-collapse collapse \" aria-labelledby=\"toggle_61a42cc74bfa4c7d0\"><div class=\"panel-body toggle-content fusion-clearfix\"><br \/>\nNorge Cede\u00f1o Raffo&#8217;s creation Stabat Mater inspired <strong>Rai5<\/strong> to make the <strong>docufilm <em>Stabat Mater &#8211; Danzare oltre i confini (Dancing Beyond Borders)<\/em><\/strong>.<\/p>\n<p>The docufilm closely reports the artistic and human experience of the young talented choreographer, for the first time in Italy, and shows his creative process, in the setting of the Teatro Asioli in Correggio, a small Italian-style theatre immersed in the Po Valley, one of the most fascinating and evocative.<\/p>\n<p>The filming of the docufilm (directed by <strong>Alessandro D&#8217;Onghia<\/strong>) began on 29 January 2021 (the choreographer&#8217;s first day of work with the three dancers) and ended on 6 March 2021 (the day of the closed-door preview at the Teatro Asioli in Correggio, with musicians and singers from the Istituto Superiore di Studi Musicali Achille Peri in Reggio Emilia). <strong>The airing of the docufilm on Rai5 was on 29 April 2021<\/strong>, on the occasion of the International Day of Dance.<\/p>\n<h4>MEDIA PARTNER<\/h4>\n<p><img decoding=\"async\" class=\"alignnone wp-image-9189\" src=\"https:\/\/www.fndaterballetto.it\/wp-content\/uploads\/2021\/02\/Rai-Cultura_Logo-Color-RGB.png\" sizes=\"(max-width: 226px) 100vw, 226px\" srcset=\"https:\/\/www.fndaterballetto.it\/wp-content\/uploads\/2021\/02\/Rai-Cultura_Logo-Color-RGB-200x60.png 200w, https:\/\/www.fndaterballetto.it\/wp-content\/uploads\/2021\/02\/Rai-Cultura_Logo-Color-RGB-300x90.png 300w, https:\/\/www.fndaterballetto.it\/wp-content\/uploads\/2021\/02\/Rai-Cultura_Logo-Color-RGB-400x120.png 400w, https:\/\/www.fndaterballetto.it\/wp-content\/uploads\/2021\/02\/Rai-Cultura_Logo-Color-RGB-600x181.png 600w, https:\/\/www.fndaterballetto.it\/wp-content\/uploads\/2021\/02\/Rai-Cultura_Logo-Color-RGB-768x231.png 768w, https:\/\/www.fndaterballetto.it\/wp-content\/uploads\/2021\/02\/Rai-Cultura_Logo-Color-RGB-800x241.png 800w, https:\/\/www.fndaterballetto.it\/wp-content\/uploads\/2021\/02\/Rai-Cultura_Logo-Color-RGB-1024x308.png 1024w, https:\/\/www.fndaterballetto.it\/wp-content\/uploads\/2021\/02\/Rai-Cultura_Logo-Color-RGB-1200x361.png 1200w, https:\/\/www.fndaterballetto.it\/wp-content\/uploads\/2021\/02\/Rai-Cultura_Logo-Color-RGB-1536x462.png 1536w, https:\/\/www.fndaterballetto.it\/wp-content\/uploads\/2021\/02\/Rai-Cultura_Logo-Color-RGB.png 1920w\" alt=\"\" width=\"226\" height=\"68\" \/><img decoding=\"async\" class=\"alignnone wp-image-9187\" src=\"https:\/\/www.fndaterballetto.it\/wp-content\/uploads\/2021\/02\/Rai-5_Logo-Color-RGB.png\" sizes=\"(max-width: 103px) 100vw, 103px\" srcset=\"https:\/\/www.fndaterballetto.it\/wp-content\/uploads\/2021\/02\/Rai-5_Logo-Color-RGB-200x133.png 200w, https:\/\/www.fndaterballetto.it\/wp-content\/uploads\/2021\/02\/Rai-5_Logo-Color-RGB-300x200.png 300w, https:\/\/www.fndaterballetto.it\/wp-content\/uploads\/2021\/02\/Rai-5_Logo-Color-RGB-400x266.png 400w, https:\/\/www.fndaterballetto.it\/wp-content\/uploads\/2021\/02\/Rai-5_Logo-Color-RGB-600x399.png 600w, https:\/\/www.fndaterballetto.it\/wp-content\/uploads\/2021\/02\/Rai-5_Logo-Color-RGB-768x511.png 768w, https:\/\/www.fndaterballetto.it\/wp-content\/uploads\/2021\/02\/Rai-5_Logo-Color-RGB-800x533.png 800w, https:\/\/www.fndaterballetto.it\/wp-content\/uploads\/2021\/02\/Rai-5_Logo-Color-RGB-1024x682.png 1024w, https:\/\/www.fndaterballetto.it\/wp-content\/uploads\/2021\/02\/Rai-5_Logo-Color-RGB-1200x799.png 1200w, https:\/\/www.fndaterballetto.it\/wp-content\/uploads\/2021\/02\/Rai-5_Logo-Color-RGB-1536x1022.png 1536w, https:\/\/www.fndaterballetto.it\/wp-content\/uploads\/2021\/02\/Rai-5_Logo-Color-RGB.png 1920w\" alt=\"\" width=\"103\" height=\"68\" \/><\/p>\n<div class=\"fusion-button-wrapper\"><a class=\"fusion-button button-flat fusion-button-square button-large button-default button-1\" href=\"https:\/\/www.raiplay.it\/programmi\/stabatmater-danzareoltreiconfini\" target=\"_blank\" rel=\"noopener noreferrer\"><span class=\"fusion-button-text\">Watch the docufilm<\/span><\/a><\/div>\n<p><\/div><\/div><\/div><\/div><\/div>","excerpt":"","slug":"double-side-ferrara-aterballetto","image":{"url":"https:\/\/www.fndaterballetto.it\/wp-content\/uploads\/2021\/02\/31-copy.jpg","id":9736,"extension":"jpg","width":1920,"height":1080,"sizes":{"medium":{"width":300,"height":169,"mime-type":"image\/jpeg","url":"https:\/\/www.fndaterballetto.it\/wp-content\/uploads\/2021\/02\/31-copy-300x169.jpg"},"large":{"width":1024,"height":576,"mime-type":"image\/jpeg","url":"https:\/\/www.fndaterballetto.it\/wp-content\/uploads\/2021\/02\/31-copy-1024x576.jpg"},"thumbnail":{"width":150,"height":150,"mime-type":"image\/jpeg","url":"https:\/\/www.fndaterballetto.it\/wp-content\/uploads\/2021\/02\/31-copy-150x150.jpg"},"medium_large":{"width":768,"height":432,"mime-type":"image\/jpeg","url":"https:\/\/www.fndaterballetto.it\/wp-content\/uploads\/2021\/02\/31-copy-768x432.jpg"},"1536x1536":{"width":1536,"height":864,"mime-type":"image\/jpeg","url":"https:\/\/www.fndaterballetto.it\/wp-content\/uploads\/2021\/02\/31-copy-1536x864.jpg"},"portfolio-full":{"width":940,"height":400,"mime-type":"image\/jpeg","url":"https:\/\/www.fndaterballetto.it\/wp-content\/uploads\/2021\/02\/31-copy-940x400.jpg"},"portfolio-one":{"width":540,"height":272,"mime-type":"image\/jpeg","url":"https:\/\/www.fndaterballetto.it\/wp-content\/uploads\/2021\/02\/31-copy-540x272.jpg"},"portfolio-two":{"width":460,"height":295,"mime-type":"image\/jpeg","url":"https:\/\/www.fndaterballetto.it\/wp-content\/uploads\/2021\/02\/31-copy-460x295.jpg"},"portfolio-three":{"width":300,"height":214,"mime-type":"image\/jpeg","url":"https:\/\/www.fndaterballetto.it\/wp-content\/uploads\/2021\/02\/31-copy-300x214.jpg"},"portfolio-five":{"width":177,"height":142,"mime-type":"image\/jpeg","url":"https:\/\/www.fndaterballetto.it\/wp-content\/uploads\/2021\/02\/31-copy-177x142.jpg"},"blog-large":{"width":669,"height":272,"mime-type":"image\/jpeg","url":"https:\/\/www.fndaterballetto.it\/wp-content\/uploads\/2021\/02\/31-copy-669x272.jpg"},"blog-medium":{"width":320,"height":202,"mime-type":"image\/jpeg","url":"https:\/\/www.fndaterballetto.it\/wp-content\/uploads\/2021\/02\/31-copy-320x202.jpg"},"recent-posts":{"width":700,"height":441,"mime-type":"image\/jpeg","url":"https:\/\/www.fndaterballetto.it\/wp-content\/uploads\/2021\/02\/31-copy-700x441.jpg"},"recent-works-thumbnail":{"width":66,"height":66,"mime-type":"image\/jpeg","url":"https:\/\/www.fndaterballetto.it\/wp-content\/uploads\/2021\/02\/31-copy-66x66.jpg"},"0":{"width":200,"height":113,"mime-type":"image\/jpeg","url":"https:\/\/www.fndaterballetto.it\/wp-content\/uploads\/2021\/02\/31-copy.jpg"},"1":{"width":400,"height":225,"mime-type":"image\/jpeg","url":"https:\/\/www.fndaterballetto.it\/wp-content\/uploads\/2021\/02\/31-copy-400x225.jpg"},"2":{"width":600,"height":338,"mime-type":"image\/jpeg","url":"https:\/\/www.fndaterballetto.it\/wp-content\/uploads\/2021\/02\/31-copy-600x338.jpg"},"3":{"width":800,"height":450,"mime-type":"image\/jpeg","url":"https:\/\/www.fndaterballetto.it\/wp-content\/uploads\/2021\/02\/31-copy-800x450.jpg"},"4":{"width":1200,"height":675,"mime-type":"image\/jpeg","url":"https:\/\/www.fndaterballetto.it\/wp-content\/uploads\/2021\/02\/31-copy-1200x675.jpg"}}},"all_day":false,"start_date":"2022-11-01 20:30:00","start_date_details":{"year":"2022","month":"11","day":"01","hour":"20","minutes":"30","seconds":"00"},"end_date":"2022-11-01 21:30:00","end_date_details":{"year":"2022","month":"11","day":"01","hour":"21","minutes":"30","seconds":"00"},"utc_start_date":"2022-11-01 19:30:00","utc_start_date_details":{"year":"2022","month":"11","day":"01","hour":"19","minutes":"30","seconds":"00"},"utc_end_date":"2022-11-01 20:30:00","utc_end_date_details":{"year":"2022","month":"11","day":"01","hour":"20","minutes":"30","seconds":"00"},"timezone":"Europe\/Rome","timezone_abbr":"CET","cost":"","cost_details":{"currency_symbol":"","currency_code":"","currency_position":"","values":[]},"website":"https:\/\/www.teatrocomunaleferrara.it\/events\/event\/double-side\/","show_map":true,"show_map_link":true,"hide_from_listings":false,"sticky":false,"featured":false,"categories":[{"name":"Aterballetto","slug":"aterballetto-en","term_group":0,"term_taxonomy_id":102,"taxonomy":"tribe_events_cat","description":"","parent":0,"count":516,"filter":"raw","term_order":"0","id":102,"urls":{"self":"https:\/\/www.fndaterballetto.it\/en\/wp-json\/tribe\/events\/v1\/categories\/102","collection":"https:\/\/www.fndaterballetto.it\/en\/wp-json\/tribe\/events\/v1\/categories"}},{"name":"Stabat Mater","slug":"stabat-mater-en","term_group":0,"term_taxonomy_id":181,"taxonomy":"tribe_events_cat","description":"","parent":73,"count":17,"filter":"raw","term_order":"0","id":181,"urls":{"self":"https:\/\/www.fndaterballetto.it\/en\/wp-json\/tribe\/events\/v1\/categories\/181","collection":"https:\/\/www.fndaterballetto.it\/en\/wp-json\/tribe\/events\/v1\/categories","up":"https:\/\/www.fndaterballetto.it\/en\/wp-json\/tribe\/events\/v1\/categories\/73"}}],"tags":[],"venue":{"id":2011,"author":"2","status":"publish","date":"2018-07-16 13:29:13","date_utc":"2018-07-16 11:29:13","modified":"2020-03-19 23:23:58","modified_utc":"2020-03-19 22:23:58","url":"https:\/\/www.fndaterballetto.it\/luogo\/teatro-comunale-ferrara\/","venue":"Teatro Comunale","slug":"teatro-comunale-ferrara","address":"Corso Martiri della Libert\u00e0, 5","city":"Ferrara","country":"Italia","zip":"44121","phone":"+39 0532 218311","website":"http:\/\/www.teatrocomunaleferrara.it","geo_lat":44.837635,"geo_lng":11.620389,"json_ld":{"@type":"Place","name":"Teatro Comunale","description":"","url":"https:\/\/www.fndaterballetto.it\/luogo\/teatro-comunale-ferrara\/","address":{"@type":"PostalAddress","streetAddress":"Corso Martiri della Libert\u00e0, 5","addressLocality":"Ferrara","postalCode":"44121","addressCountry":"Italia"},"geo":{"@type":"GeoCoordinates","latitude":44.837635,"longitude":11.620389},"telephone":"+39 0532 218311","sameAs":"http:\/\/www.teatrocomunaleferrara.it"},"show_map":true,"show_map_link":true,"global_id":"www.fndaterballetto.it\/en\/?id=2011","global_id_lineage":["www.fndaterballetto.it\/en\/?id=2011"]},"organizer":[],"custom_fields":[],"json_ld":{"@context":"http:\/\/schema.org","@type":"Event","name":"Double Side","description":"&lt;p&gt;At Teatro Comunale in Ferrara Aterballetto presents the new production Double Side. Baroque music and contemporary dance are combined in  ...&lt;\/p&gt;\\n","image":"https:\/\/www.fndaterballetto.it\/wp-content\/uploads\/2021\/02\/31-copy.jpg","url":"https:\/\/www.fndaterballetto.it\/en\/event\/double-side-ferrara-aterballetto\/","eventAttendanceMode":"https:\/\/schema.org\/OfflineEventAttendanceMode","eventStatus":"https:\/\/schema.org\/EventScheduled","startDate":"2022-11-01T20:30:00+01:00","endDate":"2022-11-01T21:30:00+01:00","location":{"@type":"Place","name":"Teatro Comunale","description":"","url":"https:\/\/www.fndaterballetto.it\/luogo\/teatro-comunale-ferrara\/","address":{"@type":"PostalAddress","streetAddress":"Corso Martiri della Libert\u00e0, 5","addressLocality":"Ferrara","postalCode":"44121","addressCountry":"Italia"},"geo":{"@type":"GeoCoordinates","latitude":44.837635,"longitude":11.620389},"telephone":"+39 0532 218311","sameAs":"http:\/\/www.teatrocomunaleferrara.it"},"performer":"Organization"},"is_virtual":false,"virtual_url":null,"virtual_video_source":""}