{"id":36260,"global_id":"www.fndaterballetto.it\/en\/?id=36260","global_id_lineage":["www.fndaterballetto.it\/en\/?id=36260"],"author":"2","status":"publish","date":"2026-03-18 17:10:59","date_utc":"2026-03-18 16:10:59","modified":"2026-03-18 17:10:59","modified_utc":"2026-03-18 16:10:59","url":"https:\/\/www.fndaterballetto.it\/en\/event\/rhapsody-in-blue-an-echo-a-wave-reconciliatio-solo-echo\/","rest_url":"https:\/\/www.fndaterballetto.it\/en\/wp-json\/tribe\/events\/v1\/events\/36260","title":"Rhapsody in blue \/ An Echo, A Wave \/ Reconciliatio \/ Solo Echo","description":"<div class=\"video-shortcode\"><iframe title=\"CCN\/Aterballetto - Solo Echo by Crystal Pite\" width=\"1200\" height=\"675\" src=\"https:\/\/www.youtube.com\/embed\/0WgBEKxzPxY?feature=oembed\" frameborder=\"0\" allow=\"accelerometer; autoplay; clipboard-write; encrypted-media; gyroscope; picture-in-picture; web-share\" referrerpolicy=\"strict-origin-when-cross-origin\" allowfullscreen><\/iframe><\/div>\n<h1>Aterballetto will be in <strong data-start=\"24\" data-end=\"69\">F\u00fcrstenfeldbruck, Germany, on 9 July 2026<\/strong>.<\/h1>\n<div class=\"flex flex-col text-sm pb-25\">\n<article class=\"text-token-text-primary w-full focus:outline-none [--shadow-height:45px] has-data-writing-block:pointer-events-none has-data-writing-block:-mt-(--shadow-height) has-data-writing-block:pt-(--shadow-height) [&amp;:has([data-writing-block])&gt;*]:pointer-events-auto scroll-mt-[calc(var(--header-height)+min(200px,max(70px,20svh)))]\" dir=\"auto\" tabindex=\"-1\" data-turn-id=\"request-6980afb1-2e88-8384-8cbe-75e77ce2ce41-37\" data-testid=\"conversation-turn-360\" data-scroll-anchor=\"true\" data-turn=\"assistant\">\n<div class=\"text-base my-auto mx-auto pb-10 [--thread-content-margin:var(--thread-content-margin-xs,calc(var(--spacing)*4))] @w-sm\/main:[--thread-content-margin:var(--thread-content-margin-sm,calc(var(--spacing)*6))] @w-lg\/main:[--thread-content-margin:var(--thread-content-margin-lg,calc(var(--spacing)*16))] px-(--thread-content-margin)\">\n<div class=\"[--thread-content-max-width:40rem] @w-lg\/main:[--thread-content-max-width:48rem] mx-auto max-w-(--thread-content-max-width) flex-1 group\/turn-messages focus-visible:outline-hidden relative flex w-full min-w-0 flex-col agent-turn\" tabindex=\"-1\">\n<div class=\"flex max-w-full flex-col gap-4 grow\">\n<div class=\"min-h-8 text-message relative flex w-full flex-col items-end gap-2 text-start break-words whitespace-normal [.text-message+&amp;]:mt-1\" dir=\"auto\" data-message-author-role=\"assistant\" data-message-id=\"5a7b790b-a1ae-4e16-86d1-8d211960cd82\" data-message-model-slug=\"gpt-5-4-thinking\">\n<div class=\"flex w-full flex-col gap-1 empty:hidden\">\n<div class=\"markdown prose dark:prose-invert w-full wrap-break-word dark markdown-new-styling\">\n<p data-start=\"72\" data-end=\"641\" data-is-last-node=\"\" data-is-only-node=\"\">The <strong data-start=\"76\" data-end=\"96\">CCN\/Aterballetto<\/strong> presents a true concert in dance. <em data-start=\"131\" data-end=\"149\">Rhapsody in Blue<\/em> by <strong data-start=\"153\" data-end=\"168\">Iratxe Ansa<\/strong> and <strong data-start=\"173\" data-end=\"190\">Igor Bacovich<\/strong> is a playful, vibrant choreography, much like Gershwin\u2019s iconic score. In <em data-start=\"265\" data-end=\"282\">An Echo, A Wave<\/em> by <strong data-start=\"286\" data-end=\"304\">Philippe Kratz<\/strong>, the flowing movement of the two dancers evokes the motion of the sea. <em data-start=\"376\" data-end=\"391\">Reconciliatio<\/em> is a delicate female pas de deux by <strong data-start=\"428\" data-end=\"449\">Angelin Preljocaj<\/strong>, set to Beethoven\u2019s <em data-start=\"470\" data-end=\"488\">Moonlight Sonata<\/em>. <em data-start=\"490\" data-end=\"501\">Solo Echo<\/em> by <strong data-start=\"505\" data-end=\"521\">Crystal Pite<\/strong>, through Brahms\u2019s sonatas for piano and cello, invokes winter to express something essential about acceptance and loss.<\/p>\n<\/div>\n<\/div>\n<\/div>\n<\/div>\n<\/div>\n<\/div>\n<\/article>\n<\/div>\n<p>&nbsp;<\/p>\n<div class=\"video-shortcode\"><iframe title=\"CCN\/Aterballetto - Reconciliatio by Angelin Preljocaj\" width=\"1200\" height=\"675\" src=\"https:\/\/www.youtube.com\/embed\/SBq99Tyc-xQ?feature=oembed\" frameborder=\"0\" allow=\"accelerometer; autoplay; clipboard-write; encrypted-media; gyroscope; picture-in-picture; web-share\" referrerpolicy=\"strict-origin-when-cross-origin\" allowfullscreen><\/iframe><\/div>\n<div class=\"video-shortcode\"><iframe title=\"CCN\/Aterballetto - Rhapsody in blue by Iratxe Ansa &amp; Igor Bacovich\" width=\"1200\" height=\"675\" src=\"https:\/\/www.youtube.com\/embed\/PkJ29Y8xAqQ?feature=oembed\" frameborder=\"0\" allow=\"accelerometer; autoplay; clipboard-write; encrypted-media; gyroscope; picture-in-picture; web-share\" referrerpolicy=\"strict-origin-when-cross-origin\" allowfullscreen><\/iframe><\/div>\n<p>&nbsp;<\/p>","excerpt":"<p>F\u00fcrstenfeldbruck &#8211; Theaterverein <\/p>","slug":"rhapsody-in-blue-an-echo-a-wave-reconciliatio-solo-echo","image":{"url":"https:\/\/www.fndaterballetto.it\/wp-content\/uploads\/2023\/11\/CCN-Aterballetto-Rhapsody-in-blue-ph.-Christophe-Bernard-8.jpg","id":26830,"extension":"jpg","width":1920,"height":1281,"filesize":238444,"sizes":{"medium":{"width":300,"height":200,"mime-type":"image\/jpeg","filesize":24476,"url":"https:\/\/www.fndaterballetto.it\/wp-content\/uploads\/2023\/11\/CCN-Aterballetto-Rhapsody-in-blue-ph.-Christophe-Bernard-8-300x200.jpg"},"large":{"width":1024,"height":683,"mime-type":"image\/jpeg","filesize":96458,"url":"https:\/\/www.fndaterballetto.it\/wp-content\/uploads\/2023\/11\/CCN-Aterballetto-Rhapsody-in-blue-ph.-Christophe-Bernard-8-1024x683.jpg"},"thumbnail":{"width":150,"height":150,"mime-type":"image\/jpeg","filesize":18759,"url":"https:\/\/www.fndaterballetto.it\/wp-content\/uploads\/2023\/11\/CCN-Aterballetto-Rhapsody-in-blue-ph.-Christophe-Bernard-8-150x150.jpg"},"medium_large":{"width":768,"height":512,"mime-type":"image\/jpeg","filesize":66142,"url":"https:\/\/www.fndaterballetto.it\/wp-content\/uploads\/2023\/11\/CCN-Aterballetto-Rhapsody-in-blue-ph.-Christophe-Bernard-8-768x512.jpg"},"1536x1536":{"width":1536,"height":1025,"mime-type":"image\/jpeg","filesize":165589,"url":"https:\/\/www.fndaterballetto.it\/wp-content\/uploads\/2023\/11\/CCN-Aterballetto-Rhapsody-in-blue-ph.-Christophe-Bernard-8-1536x1025.jpg"},"blog-large":{"width":669,"height":272,"mime-type":"image\/jpeg","filesize":44055,"url":"https:\/\/www.fndaterballetto.it\/wp-content\/uploads\/2023\/11\/CCN-Aterballetto-Rhapsody-in-blue-ph.-Christophe-Bernard-8-669x272.jpg"},"blog-medium":{"width":320,"height":202,"mime-type":"image\/jpeg","filesize":25405,"url":"https:\/\/www.fndaterballetto.it\/wp-content\/uploads\/2023\/11\/CCN-Aterballetto-Rhapsody-in-blue-ph.-Christophe-Bernard-8-320x202.jpg"},"recent-posts":{"width":700,"height":441,"mime-type":"image\/jpeg","filesize":58354,"url":"https:\/\/www.fndaterballetto.it\/wp-content\/uploads\/2023\/11\/CCN-Aterballetto-Rhapsody-in-blue-ph.-Christophe-Bernard-8-700x441.jpg"},"recent-works-thumbnail":{"width":66,"height":66,"mime-type":"image\/jpeg","filesize":13731,"url":"https:\/\/www.fndaterballetto.it\/wp-content\/uploads\/2023\/11\/CCN-Aterballetto-Rhapsody-in-blue-ph.-Christophe-Bernard-8-66x66.jpg"},"fusion-200":{"width":200,"height":133,"mime-type":"image\/jpeg","filesize":18481,"url":"https:\/\/www.fndaterballetto.it\/wp-content\/uploads\/2023\/11\/CCN-Aterballetto-Rhapsody-in-blue-ph.-Christophe-Bernard-8-200x133.jpg"},"fusion-400":{"width":400,"height":267,"mime-type":"image\/jpeg","filesize":31857,"url":"https:\/\/www.fndaterballetto.it\/wp-content\/uploads\/2023\/11\/CCN-Aterballetto-Rhapsody-in-blue-ph.-Christophe-Bernard-8-400x267.jpg"},"fusion-600":{"width":600,"height":400,"mime-type":"image\/jpeg","filesize":49097,"url":"https:\/\/www.fndaterballetto.it\/wp-content\/uploads\/2023\/11\/CCN-Aterballetto-Rhapsody-in-blue-ph.-Christophe-Bernard-8-600x400.jpg"},"fusion-800":{"width":800,"height":534,"mime-type":"image\/jpeg","filesize":69821,"url":"https:\/\/www.fndaterballetto.it\/wp-content\/uploads\/2023\/11\/CCN-Aterballetto-Rhapsody-in-blue-ph.-Christophe-Bernard-8-800x534.jpg"},"fusion-1200":{"width":1200,"height":801,"mime-type":"image\/jpeg","filesize":119105,"url":"https:\/\/www.fndaterballetto.it\/wp-content\/uploads\/2023\/11\/CCN-Aterballetto-Rhapsody-in-blue-ph.-Christophe-Bernard-8-1200x801.jpg"},"portfolio-full":{"width":940,"height":400,"mime-type":"image\/jpeg","filesize":66913,"url":"https:\/\/www.fndaterballetto.it\/wp-content\/uploads\/2023\/11\/CCN-Aterballetto-Rhapsody-in-blue-ph.-Christophe-Bernard-8-940x400.jpg"},"portfolio-one":{"width":540,"height":272,"mime-type":"image\/jpeg","filesize":38296,"url":"https:\/\/www.fndaterballetto.it\/wp-content\/uploads\/2023\/11\/CCN-Aterballetto-Rhapsody-in-blue-ph.-Christophe-Bernard-8-540x272.jpg"},"portfolio-two":{"width":460,"height":295,"mime-type":"image\/jpeg","filesize":36323,"url":"https:\/\/www.fndaterballetto.it\/wp-content\/uploads\/2023\/11\/CCN-Aterballetto-Rhapsody-in-blue-ph.-Christophe-Bernard-8-460x295.jpg"},"portfolio-three":{"width":300,"height":214,"mime-type":"image\/jpeg","filesize":25628,"url":"https:\/\/www.fndaterballetto.it\/wp-content\/uploads\/2023\/11\/CCN-Aterballetto-Rhapsody-in-blue-ph.-Christophe-Bernard-8-300x214.jpg"},"portfolio-five":{"width":177,"height":142,"mime-type":"image\/jpeg","filesize":18890,"url":"https:\/\/www.fndaterballetto.it\/wp-content\/uploads\/2023\/11\/CCN-Aterballetto-Rhapsody-in-blue-ph.-Christophe-Bernard-8-177x142.jpg"}}},"all_day":false,"start_date":"2026-07-09 20:00:00","start_date_details":{"year":"2026","month":"07","day":"09","hour":"20","minutes":"00","seconds":"00"},"end_date":"2026-07-09 21:30:00","end_date_details":{"year":"2026","month":"07","day":"09","hour":"21","minutes":"30","seconds":"00"},"utc_start_date":"2026-07-09 18:00:00","utc_start_date_details":{"year":"2026","month":"07","day":"09","hour":"18","minutes":"00","seconds":"00"},"utc_end_date":"2026-07-09 19:30:00","utc_end_date_details":{"year":"2026","month":"07","day":"09","hour":"19","minutes":"30","seconds":"00"},"timezone":"Europe\/Rome","timezone_abbr":"CEST","cost":"","cost_details":{"currency_symbol":"\u20ac","currency_code":"","currency_position":"","values":[]},"website":"https:\/\/www.fuerstenfeld.de\/programm\/event\/20260709_aterballetto","show_map":true,"show_map_link":true,"hide_from_listings":false,"sticky":false,"featured":false,"categories":[{"name":"Aterballetto","slug":"aterballetto-en","term_group":0,"term_taxonomy_id":102,"taxonomy":"tribe_events_cat","description":"","parent":0,"count":516,"filter":"raw","term_order":"0","id":102,"urls":{"self":"https:\/\/www.fndaterballetto.it\/en\/wp-json\/tribe\/events\/v1\/categories\/102","collection":"https:\/\/www.fndaterballetto.it\/en\/wp-json\/tribe\/events\/v1\/categories"}},{"name":"Productions","slug":"productions","term_group":0,"term_taxonomy_id":73,"taxonomy":"tribe_events_cat","description":"","parent":0,"count":277,"filter":"raw","term_order":"0","id":73,"urls":{"self":"https:\/\/www.fndaterballetto.it\/en\/wp-json\/tribe\/events\/v1\/categories\/73","collection":"https:\/\/www.fndaterballetto.it\/en\/wp-json\/tribe\/events\/v1\/categories"}},{"name":"reconciliatio","slug":"reconciliatio-en","term_group":0,"term_taxonomy_id":373,"taxonomy":"tribe_events_cat","description":"","parent":73,"count":18,"filter":"raw","term_order":"0","id":373,"urls":{"self":"https:\/\/www.fndaterballetto.it\/en\/wp-json\/tribe\/events\/v1\/categories\/373","collection":"https:\/\/www.fndaterballetto.it\/en\/wp-json\/tribe\/events\/v1\/categories","up":"https:\/\/www.fndaterballetto.it\/en\/wp-json\/tribe\/events\/v1\/categories\/73"}},{"name":"Rhapsody in Blue","slug":"rhapsody-in-blue-en","term_group":0,"term_taxonomy_id":306,"taxonomy":"tribe_events_cat","description":"","parent":73,"count":34,"filter":"raw","term_order":"0","id":306,"urls":{"self":"https:\/\/www.fndaterballetto.it\/en\/wp-json\/tribe\/events\/v1\/categories\/306","collection":"https:\/\/www.fndaterballetto.it\/en\/wp-json\/tribe\/events\/v1\/categories","up":"https:\/\/www.fndaterballetto.it\/en\/wp-json\/tribe\/events\/v1\/categories\/73"}},{"name":"solo echo","slug":"solo-echo-en","term_group":0,"term_taxonomy_id":375,"taxonomy":"tribe_events_cat","description":"","parent":73,"count":35,"filter":"raw","term_order":"0","id":375,"urls":{"self":"https:\/\/www.fndaterballetto.it\/en\/wp-json\/tribe\/events\/v1\/categories\/375","collection":"https:\/\/www.fndaterballetto.it\/en\/wp-json\/tribe\/events\/v1\/categories","up":"https:\/\/www.fndaterballetto.it\/en\/wp-json\/tribe\/events\/v1\/categories\/73"}},{"name":"Stagione 25\/26","slug":"stagione-25-26-en","term_group":0,"term_taxonomy_id":387,"taxonomy":"tribe_events_cat","description":"","parent":0,"count":70,"filter":"raw","term_order":"0","id":387,"urls":{"self":"https:\/\/www.fndaterballetto.it\/en\/wp-json\/tribe\/events\/v1\/categories\/387","collection":"https:\/\/www.fndaterballetto.it\/en\/wp-json\/tribe\/events\/v1\/categories"}}],"tags":[],"venue":{"id":36366,"author":"2","status":"publish","date":"2026-03-11 12:49:46","date_utc":"2026-03-11 11:49:46","modified":"2026-04-08 14:59:08","modified_utc":"2026-04-08 12:59:08","url":"https:\/\/www.fndaterballetto.it\/en\/venue\/theaterverein-furstenfeldbruck\/","venue":"Theaterverein F\u00fcrstenfeldbruck","slug":"theaterverein-furstenfeldbruck","address":"F\u00fcrstenfeld 12","city":"F\u00fcrstenfeldbruck","country":"Germany","zip":"82256","geo_lat":48.170922550951,"geo_lng":11.246998085599,"json_ld":{"@type":"Place","name":"Theaterverein F\u00fcrstenfeldbruck","description":"","url":"https:\/\/www.fndaterballetto.it\/en\/venue\/theaterverein-furstenfeldbruck\/","address":{"@type":"PostalAddress","streetAddress":"F\u00fcrstenfeld 12","addressLocality":"F\u00fcrstenfeldbruck","postalCode":"82256","addressCountry":"Germany"},"geo":{"@type":"GeoCoordinates","latitude":48.170922550951,"longitude":11.246998085599},"telephone":"","sameAs":""},"show_map":true,"show_map_link":true,"global_id":"www.fndaterballetto.it\/en\/?id=36366","global_id_lineage":["www.fndaterballetto.it\/en\/?id=36366"]},"organizer":[],"custom_fields":[],"json_ld":{"@context":"http:\/\/schema.org","@type":"Event","name":"Rhapsody in blue \/ An Echo, A Wave \/ Reconciliatio \/ Solo Echo","description":"&lt;p&gt;F\u00fcrstenfeldbruck - Theaterverein &lt;\/p&gt;\\n","image":"https:\/\/www.fndaterballetto.it\/wp-content\/uploads\/2023\/11\/CCN-Aterballetto-Rhapsody-in-blue-ph.-Christophe-Bernard-8.jpg","url":"https:\/\/www.fndaterballetto.it\/en\/event\/rhapsody-in-blue-an-echo-a-wave-reconciliatio-solo-echo\/","eventAttendanceMode":"https:\/\/schema.org\/OfflineEventAttendanceMode","eventStatus":"https:\/\/schema.org\/EventScheduled","startDate":"2026-07-09T20:00:00+02:00","endDate":"2026-07-09T21:30:00+02:00","location":{"@type":"Place","name":"Theaterverein F\u00fcrstenfeldbruck","description":"","url":"https:\/\/www.fndaterballetto.it\/en\/venue\/theaterverein-furstenfeldbruck\/","address":{"@type":"PostalAddress","streetAddress":"F\u00fcrstenfeld 12","addressLocality":"F\u00fcrstenfeldbruck","postalCode":"82256","addressCountry":"Germany"},"geo":{"@type":"GeoCoordinates","latitude":48.170922550951,"longitude":11.246998085599},"telephone":"","sameAs":""},"performer":"Organization"},"is_virtual":false,"virtual_url":null,"virtual_video_source":""}